{"id":1304,"date":"2023-09-07T12:24:35","date_gmt":"2023-09-07T12:24:35","guid":{"rendered":"https:\/\/bmmaf.org\/?p=1304"},"modified":"2023-09-14T19:11:42","modified_gmt":"2023-09-14T19:11:42","slug":"equipe-nationale-appel-au-candidatures-coachs-et-athletes","status":"publish","type":"post","link":"https:\/\/bmmaf.org\/fr\/2023\/09\/07\/equipe-nationale-appel-au-candidatures-coachs-et-athletes\/","title":{"rendered":"\u00c9quipe nationale \u2013 Appel aux candidatures coachs et athl\u00e8tes"},"content":{"rendered":"<p><\/p>\n\n<!--themify_builder_content-->\n<div id=\"themify_builder_content-1304\" data-postid=\"1304\" class=\"themify_builder_content themify_builder_content-1304 themify_builder tf_clear\">\n                    <div  data-lazy=\"1\" class=\"module_row themify_builder_row tb_hs3u836 tb_first tf_w\">\n                        <div class=\"row_inner col_align_top tb_col_count_2 tf_box tf_rel\">\n                        <div  data-lazy=\"1\" class=\"module_column tb-column col2-1 tb_0wt5836 first\">\n                    <!-- module text -->\n<div  class=\"module module-text tb_e7no559   \" data-lazy=\"1\">\n        <div  class=\"tb_text_wrap\">\n        <h3 style=\"text-align: left;\">\u00c9quipe nationale \u2013 Appel aux candidatures coachs et athl\u00e8tes<\/h3>\n<p class=\"x_MsoNormal\"><em><strong><span lang=\"FR-BE\">Gestion de l&#8217;\u00e9quipe nationale et participation aux championnats IMMAF<\/span><\/strong><\/em><\/p>\n<p class=\"x_MsoNormal\"><span lang=\"FR-BE\">\u00a0<\/span><span lang=\"FR-BE\">L&#8217;\u00e9quipe nationale est dirig\u00e9e par Tommy Depret en tant qu&#8217;entra\u00eeneur national en chef, Adil Harrar en tant que coordinateur pour la partie francophone, Hamid Sultanbiev pour la partie n\u00e9erlandophone et Jean Philippe Carboni en tant que repr\u00e9sentant de la commission d\u2019arbitrage. Ils auront pour mission de former un comit\u00e9 compos\u00e9 de coachs techniques et d&#8217;autres intervenants de la f\u00e9d\u00e9ration pour une s\u00e9lection impartiale des candidats aux championnats internationaux.<\/span><\/p>\n<p class=\"x_MsoNormal\"><span lang=\"FR-BE\">\u00a0<\/span><\/p>\n<p class=\"x_MsoNormal\"><b><u><span lang=\"FR-BE\">S\u00e9lection des athl\u00e8tes :<\/span><\/u><\/b><\/p>\n<p class=\"x_MsoNormal\"><span lang=\"FR-BE\">\u00a0<\/span><span lang=\"FR-BE\">Chaque d\u00e9but de saison, \u00e0 partir du mois de septembre, des appels \u00e0 candidatures seront lanc\u00e9s. L&#8217;\u00e9quipe s\u00e9lectionn\u00e9e sera en fonction jusqu&#8217;\u00e0 la saison suivante (de septembre \u00e0 septembre). Tout athl\u00e8te souhaitant en faire partie devra postuler chaque ann\u00e9e.<\/span><\/p>\n<p class=\"x_MsoNormal\"><span lang=\"FR-BE\">\u00a0<\/span><span lang=\"FR-BE\">L&#8217;appartenance \u00e0 cette \u00e9quipe ne garantit pas une participation aux championnats IMMAF.<\/span><\/p>\n<p class=\"x_MsoNormal\"><b><u><span lang=\"FR-BE\">\u00a0<\/span><\/u><\/b><\/p>\n<p class=\"x_MsoNormal\"><b><u><span lang=\"FR-BE\">Des crit\u00e8res sont \u00e9tablis pour assurer une priorit\u00e9 objective aux plus m\u00e9ritants\u00a0<\/span><\/u><\/b><span lang=\"FR-BE\">:<\/span><\/p>\n<ul type=\"disc\">\n<li class=\"x_MsoListParagraph\"><b><span lang=\"FR-BE\">Maintien constant de l&#8217;affiliation \u00e0 la f\u00e9d\u00e9ration:<\/span><\/b><span lang=\"FR-BE\">\u00a0L&#8217;athl\u00e8te et\/ou son coach sont responsables de maintenir cette affiliation \u00e0 jour. Un athl\u00e8te non affili\u00e9 durant les 6 mois pr\u00e9c\u00e9dant le championnat ne pourra pas y participer.<\/span><\/li>\n<li class=\"x_MsoListParagraph\"><b><span lang=\"FR-BE\">Participation de l&#8217;athl\u00e8te aux activit\u00e9s et comp\u00e9titions de la BMMAF:<\/span><\/b><span lang=\"FR-BE\">\u00a0Il incombe \u00e0 l&#8217;athl\u00e8te et \u00e0 ses coachs\/managers de donner la priorit\u00e9 aux activit\u00e9s de la BMMAF pour garantir sa s\u00e9lection.<\/span><\/li>\n<li class=\"x_MsoListParagraph\"><span lang=\"FR-BE\">\u00c9valuation des\u00a0<b>performances et du niveau technique<\/b>\u00a0de l&#8217;athl\u00e8te.<\/span><\/li>\n<li class=\"x_MsoListParagraph\"><span lang=\"FR-BE\">\u00c9valuation du\u00a0<b>comportement<\/b>\u00a0de l&#8217;athl\u00e8te lors des comp\u00e9titions et en dehors.<\/span><\/li>\n<\/ul>\n<p class=\"x_MsoNormal\"><span lang=\"FR-BE\">\u00a0<\/span><\/p>\n<p class=\"x_MsoNormal\"><b><u><span lang=\"FR-BE\">Responsabilit\u00e9s des athl\u00e8tes s\u00e9lectionn\u00e9s avant les championnats IMMAF :<\/span><\/u><\/b><\/p>\n<ul type=\"disc\">\n<li class=\"x_MsoListParagraph\"><span lang=\"FR-BE\">Les athl\u00e8tes doivent\u00a0<b>remplir en temps et en heure les documents de participation<\/b> (formulaires m\u00e9dicaux, d\u00e9clarations diverses de l&#8217;IMMAF). Tout manquement \u00e0 cette obligation pourrait entra\u00eener leur non-participation sans remboursement des frais d\u00e9j\u00e0 engag\u00e9s.<\/span><\/li>\n<\/ul>\n<ul type=\"disc\">\n<li class=\"x_MsoListParagraph\"><span lang=\"FR-BE\">Les athl\u00e8tes sont\u00a0<b>responsables du financement de leur participation<\/b>. La f\u00e9d\u00e9ration mettra en place divers\u00a0<b>moyens pour les aider \u00e0 financer leur participation<\/b> (pourcentage sur les billets vendus lors des \u00e9v\u00e9nements, vente de t-shirts de soutien, crowdfunding, etc.).<\/span><\/li>\n<\/ul>\n<p>\u00a0<\/p>\n<p class=\"x_MsoNormal\"><b><u><span lang=\"FR-BE\">Lors des championnats IMMAF :<\/span><\/u><\/b><\/p>\n<ul type=\"disc\">\n<li class=\"x_MsoListParagraph\"><span lang=\"FR-BE\">L&#8217;athl\u00e8te doit \u00eatre\u00a0<b>ponctuel aux heures convenues<\/b>\u00a0par les coachs.<\/span><\/li>\n<li class=\"x_MsoListParagraph\"><span lang=\"FR-BE\">L&#8217;athl\u00e8te doit adopter une\u00a0<b>attitude exemplaire<\/b>\u00a0pendant toute la dur\u00e9e de la comp\u00e9tition, en montrant du respect envers les coachs, les adversaires, le personnel encadrant, etc.<\/span><\/li>\n<li class=\"x_MsoListParagraph\"><b><span lang=\"FR-BE\">Seuls les coachs officiels de la BMMAF sont autoris\u00e9s dans le coin<\/span><\/b><span lang=\"FR-BE\">\u00a0et dans les zones d&#8217;\u00e9chauffement et de pr\u00e9paration. Les\u00a0<b>entra\u00eeneurs, les partenaires d&#8217;entra\u00eenement, la famille et les amis sont les bienvenus en tant que spectateurs<\/b>\u00a0lors des comp\u00e9titions.<\/span><\/li>\n<li class=\"x_MsoListParagraph\"><span lang=\"FR-BE\">Seuls les tenues officielles de la BMMAF doivent \u00eatre port\u00e9es. Il est\u00a0<b>interdit de porter des \u00e9quipements avec des logos de club ou des sponsors personnels non approuv\u00e9s<\/b>\u00a0par le comit\u00e9 d&#8217;encadrement de l&#8217;\u00e9quipe nationale.<\/span><\/li>\n<li class=\"x_MsoListParagraph\"><span lang=\"FR-BE\">Tout athl\u00e8te ne respectant pas ces r\u00e8gles pourra \u00eatre exclu de l&#8217;\u00e9quipe sans remboursement des frais engag\u00e9s.<\/span><\/li>\n<\/ul>\n<p class=\"x_MsoListParagraph\"><span lang=\"FR-BE\">\u00a0<\/span><\/p>\n<p class=\"x_MsoNormal\"><b><u><span lang=\"FR-BE\">Coachs et \u00e9quipe d&#8217;encadrement :<\/span><\/u><\/b><\/p>\n<ul type=\"disc\">\n<li class=\"x_MsoListParagraph\"><span lang=\"FR-BE\">Pour l&#8217;ann\u00e9e 2023\/2024, les coachs sont invit\u00e9s \u00e0 remplir le formulaire ici-bas afin de rejoindre l&#8217;\u00e9quipe, les candidats seront ensuite inform\u00e9s de leur s\u00e9lection par le comit\u00e9.<\/span><\/li>\n<li class=\"x_MsoListParagraph\"><span lang=\"FR-BE\">Seuls les coachs affili\u00e9s \u00e0 la f\u00e9d\u00e9ration peuvent postuler \u00e0 ce poste.<\/span><\/li>\n<li class=\"x_MsoListParagraph\"><span lang=\"FR-BE\">Tous les coachs sont tenus de respecter les m\u00eames r\u00e8gles de conduite que les athl\u00e8tes d\u00e9crites ci-dessus. Tout manquement \u00e0 ces r\u00e8gles entra\u00eenera une expulsion imm\u00e9diate.<\/span><\/li>\n<li class=\"x_MsoListParagraph\"><span lang=\"FR-BE\">Seuls les coachs de l&#8217;\u00e9quipe nationale sont autoris\u00e9s \u00e0 encadrer les athl\u00e8tes lors des championnats. A nouveau, entra\u00eeneurs, partenaires d&#8217;entra\u00eenement, famille et amis sont les bienvenus en tant que spectateurs lors des comp\u00e9titions.<\/span><\/li>\n<\/ul>    <\/div>\n<\/div>\n<!-- \/module text --><!-- module buttons -->\n<div  class=\"module module-buttons tb_6wst607 buttons-horizontal solid  large circle buttons-fullwidth\" data-lazy=\"1\">\n        <div class=\"module-buttons-item tf_in_flx\">\n                        <a href=\"https:\/\/www.cognitoforms.com\/BMMAF1\/BMMAFNationalTeam\" class=\"ui builder_button tf_in_flx red\" target=\"_blank\" rel=\"noopener\">\n                                    <em><svg  class=\"tf_fa tf-ti-arrow-circle-right\" xmlns:xlink=\"http:\/\/www.w3.org\/1999\/xlink\" aria-hidden=\"true\"><use href=\"#tf-ti-arrow-circle-right\" xlink:href=\"#tf-ti-arrow-circle-right\"><\/use><\/svg><\/em>                                        Formulaire d\u2019inscription                                        <\/a>\n                <\/div>\n            <\/div>\n<!-- \/module buttons -->\n        <\/div>\n                    <div  data-lazy=\"1\" class=\"module_column tb-column col2-1 tb_5lh9836 last\">\n                    <!-- module image -->\n<div  class=\"module module-image tb_6oal343 image-top   tf_mw\" data-lazy=\"1\">\n        <div class=\"image-wrap tf_rel tf_mw\">\n            <img loading=\"lazy\" decoding=\"async\" width=\"940\" height=\"788\" src=\"https:\/\/bmmaf.org\/wp-content\/uploads\/2023\/09\/BMMAF-NATIONAL-TEAM-CALL-TO-ATHLETES-AND-COACHS.png\" class=\"wp-post-image wp-image-1306\" title=\"BMMAF NATIONAL TEAM CALL TO ATHLETES AND COACHS\" alt=\"BMMAF NATIONAL TEAM CALL TO ATHLETES AND COACHS\" srcset=\"https:\/\/bmmaf.org\/wp-content\/uploads\/2023\/09\/BMMAF-NATIONAL-TEAM-CALL-TO-ATHLETES-AND-COACHS.png 940w, https:\/\/bmmaf.org\/wp-content\/uploads\/2023\/09\/BMMAF-NATIONAL-TEAM-CALL-TO-ATHLETES-AND-COACHS-300x251.png 300w, https:\/\/bmmaf.org\/wp-content\/uploads\/2023\/09\/BMMAF-NATIONAL-TEAM-CALL-TO-ATHLETES-AND-COACHS-768x644.png 768w, https:\/\/bmmaf.org\/wp-content\/uploads\/2023\/09\/BMMAF-NATIONAL-TEAM-CALL-TO-ATHLETES-AND-COACHS-14x12.png 14w, https:\/\/bmmaf.org\/wp-content\/uploads\/2023\/09\/BMMAF-NATIONAL-TEAM-CALL-TO-ATHLETES-AND-COACHS-394x330.png 394w, https:\/\/bmmaf.org\/wp-content\/uploads\/2023\/09\/BMMAF-NATIONAL-TEAM-CALL-TO-ATHLETES-AND-COACHS-370x311.png 370w, https:\/\/bmmaf.org\/wp-content\/uploads\/2023\/09\/BMMAF-NATIONAL-TEAM-CALL-TO-ATHLETES-AND-COACHS-250x209.png 250w, https:\/\/bmmaf.org\/wp-content\/uploads\/2023\/09\/BMMAF-NATIONAL-TEAM-CALL-TO-ATHLETES-AND-COACHS-600x502.png 600w\" sizes=\"auto, (max-width: 940px) 100vw, 940px\" \/>    \n        <\/div>\n    <!-- \/image-wrap -->\n    \n        <\/div>\n<!-- \/module image --><!-- module buttons -->\n<div  class=\"module module-buttons tb_1niq841 buttons-horizontal solid  large circle buttons-fullwidth\" data-lazy=\"1\">\n        <div class=\"module-buttons-item tf_in_flx\">\n                        <a href=\"https:\/\/www.cognitoforms.com\/BMMAF1\/BMMAFNationalTeam\" class=\"ui builder_button tf_in_flx red\" target=\"_blank\" rel=\"noopener\">\n                                    <em><svg  class=\"tf_fa tf-ti-arrow-circle-right\" xmlns:xlink=\"http:\/\/www.w3.org\/1999\/xlink\" aria-hidden=\"true\"><use href=\"#tf-ti-arrow-circle-right\" xlink:href=\"#tf-ti-arrow-circle-right\"><\/use><\/svg><\/em>                                        Formulaire d\u2019inscription                                        <\/a>\n                <\/div>\n            <\/div>\n<!-- \/module buttons -->\n<!-- module buttons -->\n<div  class=\"module module-buttons tb_i86p645 buttons-horizontal solid  large circle buttons-fullwidth\" data-lazy=\"1\">\n        <div class=\"module-buttons-item tf_in_flx\">\n                        <a href=\"https:\/\/bmmaf.org\/fr\/2023\/09\/07\/nationaal-team-oproep-kandidaturen-coaches-en-atleten\/\" class=\"ui builder_button tf_in_flx red\" >\n                                    <em><svg  class=\"tf_fa tf-ti-arrow-circle-right\" xmlns:xlink=\"http:\/\/www.w3.org\/1999\/xlink\" aria-hidden=\"true\"><use href=\"#tf-ti-arrow-circle-right\" xlink:href=\"#tf-ti-arrow-circle-right\"><\/use><\/svg><\/em>                                        Nederlandstalige versie                                        <\/a>\n                <\/div>\n            <\/div>\n<!-- \/module buttons -->\n        <\/div>\n                        <\/div>\n        <\/div>\n        <\/div>\n<!--\/themify_builder_content-->\n\n\n<p><\/p>","protected":false},"excerpt":{"rendered":"","protected":false},"author":3,"featured_media":1306,"comment_status":"closed","ping_status":"closed","sticky":false,"template":"","format":"standard","meta":{"iawp_total_views":16,"footnotes":""},"categories":[17],"tags":[],"class_list":["post-1304","post","type-post","status-publish","format-standard","has-post-thumbnail","hentry","category-competitions","has-post-title","has-post-date","has-post-category","has-post-tag","has-post-comment","has-post-author",""],"yoast_head":"<!-- This site is optimized with the Yoast SEO plugin v27.4 - https:\/\/yoast.com\/product\/yoast-seo-wordpress\/ -->\n<title>\u00c9quipe nationale \u2013 Appel aux candidatures coachs et athl\u00e8tes - Belgian Mixed Martial Arts Federation<\/title>\n<meta name=\"robots\" content=\"index, follow, max-snippet:-1, max-image-preview:large, max-video-preview:-1\" \/>\n<link rel=\"canonical\" href=\"https:\/\/bmmaf.org\/fr\/2023\/09\/07\/equipe-nationale-appel-au-candidatures-coachs-et-athletes\/\" \/>\n<meta property=\"og:locale\" content=\"fr_FR\" \/>\n<meta property=\"og:type\" content=\"article\" \/>\n<meta property=\"og:title\" content=\"\u00c9quipe nationale \u2013 Appel aux candidatures coachs et athl\u00e8tes - Belgian Mixed Martial Arts Federation\" \/>\n<meta property=\"og:url\" content=\"https:\/\/bmmaf.org\/fr\/2023\/09\/07\/equipe-nationale-appel-au-candidatures-coachs-et-athletes\/\" \/>\n<meta property=\"og:site_name\" content=\"Belgian Mixed Martial Arts Federation\" \/>\n<meta property=\"article:published_time\" content=\"2023-09-07T12:24:35+00:00\" \/>\n<meta property=\"article:modified_time\" content=\"2023-09-14T19:11:42+00:00\" \/>\n<meta property=\"og:image\" content=\"https:\/\/bmmaf.org\/wp-content\/uploads\/2023\/09\/BMMAF-NATIONAL-TEAM-CALL-TO-ATHLETES-AND-COACHS.png\" \/>\n\t<meta property=\"og:image:width\" content=\"940\" \/>\n\t<meta property=\"og:image:height\" content=\"788\" \/>\n\t<meta property=\"og:image:type\" content=\"image\/png\" \/>\n<meta name=\"author\" content=\"BMMAF\" \/>\n<meta name=\"twitter:card\" content=\"summary_large_image\" \/>\n<meta name=\"twitter:label1\" content=\"\u00c9crit par\" \/>\n\t<meta name=\"twitter:data1\" content=\"BMMAF\" \/>\n<script type=\"application\/ld+json\" class=\"yoast-schema-graph\">{\"@context\":\"https:\\\/\\\/schema.org\",\"@graph\":[{\"@type\":\"Article\",\"@id\":\"https:\\\/\\\/bmmaf.org\\\/fr\\\/2023\\\/09\\\/07\\\/equipe-nationale-appel-au-candidatures-coachs-et-athletes\\\/#article\",\"isPartOf\":{\"@id\":\"https:\\\/\\\/bmmaf.org\\\/fr\\\/2023\\\/09\\\/07\\\/equipe-nationale-appel-au-candidatures-coachs-et-athletes\\\/\"},\"author\":{\"name\":\"BMMAF\",\"@id\":\"https:\\\/\\\/bmmaf.org\\\/fr\\\/#\\\/schema\\\/person\\\/ba466656c9b387f6176f2b602b7bfb7b\"},\"headline\":\"\u00c9quipe nationale \u2013 Appel aux candidatures coachs et athl\u00e8tes\",\"datePublished\":\"2023-09-07T12:24:35+00:00\",\"dateModified\":\"2023-09-14T19:11:42+00:00\",\"mainEntityOfPage\":{\"@id\":\"https:\\\/\\\/bmmaf.org\\\/fr\\\/2023\\\/09\\\/07\\\/equipe-nationale-appel-au-candidatures-coachs-et-athletes\\\/\"},\"wordCount\":9,\"publisher\":{\"@id\":\"https:\\\/\\\/bmmaf.org\\\/fr\\\/#organization\"},\"image\":{\"@id\":\"https:\\\/\\\/bmmaf.org\\\/fr\\\/2023\\\/09\\\/07\\\/equipe-nationale-appel-au-candidatures-coachs-et-athletes\\\/#primaryimage\"},\"thumbnailUrl\":\"https:\\\/\\\/bmmaf.org\\\/wp-content\\\/uploads\\\/2023\\\/09\\\/BMMAF-NATIONAL-TEAM-CALL-TO-ATHLETES-AND-COACHS.png\",\"articleSection\":[\"Competitions\"],\"inLanguage\":\"fr-BE\"},{\"@type\":\"WebPage\",\"@id\":\"https:\\\/\\\/bmmaf.org\\\/fr\\\/2023\\\/09\\\/07\\\/equipe-nationale-appel-au-candidatures-coachs-et-athletes\\\/\",\"url\":\"https:\\\/\\\/bmmaf.org\\\/fr\\\/2023\\\/09\\\/07\\\/equipe-nationale-appel-au-candidatures-coachs-et-athletes\\\/\",\"name\":\"\u00c9quipe nationale \u2013 Appel aux candidatures coachs et athl\u00e8tes - Belgian Mixed Martial Arts Federation\",\"isPartOf\":{\"@id\":\"https:\\\/\\\/bmmaf.org\\\/fr\\\/#website\"},\"primaryImageOfPage\":{\"@id\":\"https:\\\/\\\/bmmaf.org\\\/fr\\\/2023\\\/09\\\/07\\\/equipe-nationale-appel-au-candidatures-coachs-et-athletes\\\/#primaryimage\"},\"image\":{\"@id\":\"https:\\\/\\\/bmmaf.org\\\/fr\\\/2023\\\/09\\\/07\\\/equipe-nationale-appel-au-candidatures-coachs-et-athletes\\\/#primaryimage\"},\"thumbnailUrl\":\"https:\\\/\\\/bmmaf.org\\\/wp-content\\\/uploads\\\/2023\\\/09\\\/BMMAF-NATIONAL-TEAM-CALL-TO-ATHLETES-AND-COACHS.png\",\"datePublished\":\"2023-09-07T12:24:35+00:00\",\"dateModified\":\"2023-09-14T19:11:42+00:00\",\"breadcrumb\":{\"@id\":\"https:\\\/\\\/bmmaf.org\\\/fr\\\/2023\\\/09\\\/07\\\/equipe-nationale-appel-au-candidatures-coachs-et-athletes\\\/#breadcrumb\"},\"inLanguage\":\"fr-BE\",\"potentialAction\":[{\"@type\":\"ReadAction\",\"target\":[\"https:\\\/\\\/bmmaf.org\\\/fr\\\/2023\\\/09\\\/07\\\/equipe-nationale-appel-au-candidatures-coachs-et-athletes\\\/\"]}]},{\"@type\":\"ImageObject\",\"inLanguage\":\"fr-BE\",\"@id\":\"https:\\\/\\\/bmmaf.org\\\/fr\\\/2023\\\/09\\\/07\\\/equipe-nationale-appel-au-candidatures-coachs-et-athletes\\\/#primaryimage\",\"url\":\"https:\\\/\\\/bmmaf.org\\\/wp-content\\\/uploads\\\/2023\\\/09\\\/BMMAF-NATIONAL-TEAM-CALL-TO-ATHLETES-AND-COACHS.png\",\"contentUrl\":\"https:\\\/\\\/bmmaf.org\\\/wp-content\\\/uploads\\\/2023\\\/09\\\/BMMAF-NATIONAL-TEAM-CALL-TO-ATHLETES-AND-COACHS.png\",\"width\":940,\"height\":788},{\"@type\":\"BreadcrumbList\",\"@id\":\"https:\\\/\\\/bmmaf.org\\\/fr\\\/2023\\\/09\\\/07\\\/equipe-nationale-appel-au-candidatures-coachs-et-athletes\\\/#breadcrumb\",\"itemListElement\":[{\"@type\":\"ListItem\",\"position\":1,\"name\":\"Home\",\"item\":\"https:\\\/\\\/bmmaf.org\\\/fr\\\/\"},{\"@type\":\"ListItem\",\"position\":2,\"name\":\"\u00c9quipe nationale \u2013 Appel aux candidatures coachs et athl\u00e8tes\"}]},{\"@type\":\"WebSite\",\"@id\":\"https:\\\/\\\/bmmaf.org\\\/fr\\\/#website\",\"url\":\"https:\\\/\\\/bmmaf.org\\\/fr\\\/\",\"name\":\"Belgian Mixed Martial Arts Federation\",\"description\":\"\",\"publisher\":{\"@id\":\"https:\\\/\\\/bmmaf.org\\\/fr\\\/#organization\"},\"potentialAction\":[{\"@type\":\"SearchAction\",\"target\":{\"@type\":\"EntryPoint\",\"urlTemplate\":\"https:\\\/\\\/bmmaf.org\\\/fr\\\/?s={search_term_string}\"},\"query-input\":{\"@type\":\"PropertyValueSpecification\",\"valueRequired\":true,\"valueName\":\"search_term_string\"}}],\"inLanguage\":\"fr-BE\"},{\"@type\":\"Organization\",\"@id\":\"https:\\\/\\\/bmmaf.org\\\/fr\\\/#organization\",\"name\":\"BMMAF\",\"url\":\"https:\\\/\\\/bmmaf.org\\\/fr\\\/\",\"logo\":{\"@type\":\"ImageObject\",\"inLanguage\":\"fr-BE\",\"@id\":\"https:\\\/\\\/bmmaf.org\\\/fr\\\/#\\\/schema\\\/logo\\\/image\\\/\",\"url\":\"https:\\\/\\\/bmmaf.org\\\/wp-content\\\/uploads\\\/2021\\\/04\\\/logo-icon.svg\",\"contentUrl\":\"https:\\\/\\\/bmmaf.org\\\/wp-content\\\/uploads\\\/2021\\\/04\\\/logo-icon.svg\",\"width\":1,\"height\":1,\"caption\":\"BMMAF\"},\"image\":{\"@id\":\"https:\\\/\\\/bmmaf.org\\\/fr\\\/#\\\/schema\\\/logo\\\/image\\\/\"}},{\"@type\":\"Person\",\"@id\":\"https:\\\/\\\/bmmaf.org\\\/fr\\\/#\\\/schema\\\/person\\\/ba466656c9b387f6176f2b602b7bfb7b\",\"name\":\"BMMAF\",\"url\":\"https:\\\/\\\/bmmaf.org\\\/fr\\\/author\\\/bmmaf\\\/\"}]}<\/script>\n<!-- \/ Yoast SEO plugin. -->","yoast_head_json":{"title":"\u00c9quipe nationale \u2013 Appel aux candidatures coachs et athl\u00e8tes - Belgian Mixed Martial Arts Federation","robots":{"index":"index","follow":"follow","max-snippet":"max-snippet:-1","max-image-preview":"max-image-preview:large","max-video-preview":"max-video-preview:-1"},"canonical":"https:\/\/bmmaf.org\/fr\/2023\/09\/07\/equipe-nationale-appel-au-candidatures-coachs-et-athletes\/","og_locale":"fr_FR","og_type":"article","og_title":"\u00c9quipe nationale \u2013 Appel aux candidatures coachs et athl\u00e8tes - Belgian Mixed Martial Arts Federation","og_url":"https:\/\/bmmaf.org\/fr\/2023\/09\/07\/equipe-nationale-appel-au-candidatures-coachs-et-athletes\/","og_site_name":"Belgian Mixed Martial Arts Federation","article_published_time":"2023-09-07T12:24:35+00:00","article_modified_time":"2023-09-14T19:11:42+00:00","og_image":[{"width":940,"height":788,"url":"https:\/\/bmmaf.org\/wp-content\/uploads\/2023\/09\/BMMAF-NATIONAL-TEAM-CALL-TO-ATHLETES-AND-COACHS.png","type":"image\/png"}],"author":"BMMAF","twitter_card":"summary_large_image","twitter_misc":{"\u00c9crit par":"BMMAF"},"schema":{"@context":"https:\/\/schema.org","@graph":[{"@type":"Article","@id":"https:\/\/bmmaf.org\/fr\/2023\/09\/07\/equipe-nationale-appel-au-candidatures-coachs-et-athletes\/#article","isPartOf":{"@id":"https:\/\/bmmaf.org\/fr\/2023\/09\/07\/equipe-nationale-appel-au-candidatures-coachs-et-athletes\/"},"author":{"name":"BMMAF","@id":"https:\/\/bmmaf.org\/fr\/#\/schema\/person\/ba466656c9b387f6176f2b602b7bfb7b"},"headline":"\u00c9quipe nationale \u2013 Appel aux candidatures coachs et athl\u00e8tes","datePublished":"2023-09-07T12:24:35+00:00","dateModified":"2023-09-14T19:11:42+00:00","mainEntityOfPage":{"@id":"https:\/\/bmmaf.org\/fr\/2023\/09\/07\/equipe-nationale-appel-au-candidatures-coachs-et-athletes\/"},"wordCount":9,"publisher":{"@id":"https:\/\/bmmaf.org\/fr\/#organization"},"image":{"@id":"https:\/\/bmmaf.org\/fr\/2023\/09\/07\/equipe-nationale-appel-au-candidatures-coachs-et-athletes\/#primaryimage"},"thumbnailUrl":"https:\/\/bmmaf.org\/wp-content\/uploads\/2023\/09\/BMMAF-NATIONAL-TEAM-CALL-TO-ATHLETES-AND-COACHS.png","articleSection":["Competitions"],"inLanguage":"fr-BE"},{"@type":"WebPage","@id":"https:\/\/bmmaf.org\/fr\/2023\/09\/07\/equipe-nationale-appel-au-candidatures-coachs-et-athletes\/","url":"https:\/\/bmmaf.org\/fr\/2023\/09\/07\/equipe-nationale-appel-au-candidatures-coachs-et-athletes\/","name":"\u00c9quipe nationale \u2013 Appel aux candidatures coachs et athl\u00e8tes - Belgian Mixed Martial Arts Federation","isPartOf":{"@id":"https:\/\/bmmaf.org\/fr\/#website"},"primaryImageOfPage":{"@id":"https:\/\/bmmaf.org\/fr\/2023\/09\/07\/equipe-nationale-appel-au-candidatures-coachs-et-athletes\/#primaryimage"},"image":{"@id":"https:\/\/bmmaf.org\/fr\/2023\/09\/07\/equipe-nationale-appel-au-candidatures-coachs-et-athletes\/#primaryimage"},"thumbnailUrl":"https:\/\/bmmaf.org\/wp-content\/uploads\/2023\/09\/BMMAF-NATIONAL-TEAM-CALL-TO-ATHLETES-AND-COACHS.png","datePublished":"2023-09-07T12:24:35+00:00","dateModified":"2023-09-14T19:11:42+00:00","breadcrumb":{"@id":"https:\/\/bmmaf.org\/fr\/2023\/09\/07\/equipe-nationale-appel-au-candidatures-coachs-et-athletes\/#breadcrumb"},"inLanguage":"fr-BE","potentialAction":[{"@type":"ReadAction","target":["https:\/\/bmmaf.org\/fr\/2023\/09\/07\/equipe-nationale-appel-au-candidatures-coachs-et-athletes\/"]}]},{"@type":"ImageObject","inLanguage":"fr-BE","@id":"https:\/\/bmmaf.org\/fr\/2023\/09\/07\/equipe-nationale-appel-au-candidatures-coachs-et-athletes\/#primaryimage","url":"https:\/\/bmmaf.org\/wp-content\/uploads\/2023\/09\/BMMAF-NATIONAL-TEAM-CALL-TO-ATHLETES-AND-COACHS.png","contentUrl":"https:\/\/bmmaf.org\/wp-content\/uploads\/2023\/09\/BMMAF-NATIONAL-TEAM-CALL-TO-ATHLETES-AND-COACHS.png","width":940,"height":788},{"@type":"BreadcrumbList","@id":"https:\/\/bmmaf.org\/fr\/2023\/09\/07\/equipe-nationale-appel-au-candidatures-coachs-et-athletes\/#breadcrumb","itemListElement":[{"@type":"ListItem","position":1,"name":"Home","item":"https:\/\/bmmaf.org\/fr\/"},{"@type":"ListItem","position":2,"name":"\u00c9quipe nationale \u2013 Appel aux candidatures coachs et athl\u00e8tes"}]},{"@type":"WebSite","@id":"https:\/\/bmmaf.org\/fr\/#website","url":"https:\/\/bmmaf.org\/fr\/","name":"Belgian Mixed Martial Arts Federation","description":"","publisher":{"@id":"https:\/\/bmmaf.org\/fr\/#organization"},"potentialAction":[{"@type":"SearchAction","target":{"@type":"EntryPoint","urlTemplate":"https:\/\/bmmaf.org\/fr\/?s={search_term_string}"},"query-input":{"@type":"PropertyValueSpecification","valueRequired":true,"valueName":"search_term_string"}}],"inLanguage":"fr-BE"},{"@type":"Organization","@id":"https:\/\/bmmaf.org\/fr\/#organization","name":"BMMAF","url":"https:\/\/bmmaf.org\/fr\/","logo":{"@type":"ImageObject","inLanguage":"fr-BE","@id":"https:\/\/bmmaf.org\/fr\/#\/schema\/logo\/image\/","url":"https:\/\/bmmaf.org\/wp-content\/uploads\/2021\/04\/logo-icon.svg","contentUrl":"https:\/\/bmmaf.org\/wp-content\/uploads\/2021\/04\/logo-icon.svg","width":1,"height":1,"caption":"BMMAF"},"image":{"@id":"https:\/\/bmmaf.org\/fr\/#\/schema\/logo\/image\/"}},{"@type":"Person","@id":"https:\/\/bmmaf.org\/fr\/#\/schema\/person\/ba466656c9b387f6176f2b602b7bfb7b","name":"BMMAF","url":"https:\/\/bmmaf.org\/fr\/author\/bmmaf\/"}]}},"builder_content":"<h3 style=\"text-align: left;\">\u00c9quipe nationale \u2013 Appel aux candidatures coachs et athl\u00e8tes<\/h3> <p><em><strong>Gestion de l'\u00e9quipe nationale et participation aux championnats IMMAF<\/strong><\/em><\/p> <p>\u00a0L'\u00e9quipe nationale est dirig\u00e9e par Tommy Depret en tant qu'entra\u00eeneur national en chef, Adil Harrar en tant que coordinateur pour la partie francophone, Hamid Sultanbiev pour la partie n\u00e9erlandophone et Jean Philippe Carboni en tant que repr\u00e9sentant de la commission d\u2019arbitrage. Ils auront pour mission de former un comit\u00e9 compos\u00e9 de coachs techniques et d'autres intervenants de la f\u00e9d\u00e9ration pour une s\u00e9lection impartiale des candidats aux championnats internationaux.<\/p> <p>\u00a0<\/p> <p><b><u>S\u00e9lection des athl\u00e8tes :<\/u><\/b><\/p> <p>\u00a0Chaque d\u00e9but de saison, \u00e0 partir du mois de septembre, des appels \u00e0 candidatures seront lanc\u00e9s. L'\u00e9quipe s\u00e9lectionn\u00e9e sera en fonction jusqu'\u00e0 la saison suivante (de septembre \u00e0 septembre). Tout athl\u00e8te souhaitant en faire partie devra postuler chaque ann\u00e9e.<\/p> <p>\u00a0L'appartenance \u00e0 cette \u00e9quipe ne garantit pas une participation aux championnats IMMAF.<\/p> <p><b><u>\u00a0<\/u><\/b><\/p> <p><b><u>Des crit\u00e8res sont \u00e9tablis pour assurer une priorit\u00e9 objective aux plus m\u00e9ritants\u00a0<\/u><\/b>:<\/p> <ul type=\"disc\"> <li><b>Maintien constant de l'affiliation \u00e0 la f\u00e9d\u00e9ration:<\/b>\u00a0L'athl\u00e8te et\/ou son coach sont responsables de maintenir cette affiliation \u00e0 jour. Un athl\u00e8te non affili\u00e9 durant les 6 mois pr\u00e9c\u00e9dant le championnat ne pourra pas y participer.<\/li> <li><b>Participation de l'athl\u00e8te aux activit\u00e9s et comp\u00e9titions de la BMMAF:<\/b>\u00a0Il incombe \u00e0 l'athl\u00e8te et \u00e0 ses coachs\/managers de donner la priorit\u00e9 aux activit\u00e9s de la BMMAF pour garantir sa s\u00e9lection.<\/li> <li>\u00c9valuation des\u00a0<b>performances et du niveau technique<\/b>\u00a0de l'athl\u00e8te.<\/li> <li>\u00c9valuation du\u00a0<b>comportement<\/b>\u00a0de l'athl\u00e8te lors des comp\u00e9titions et en dehors.<\/li> <\/ul> <p>\u00a0<\/p> <p><b><u>Responsabilit\u00e9s des athl\u00e8tes s\u00e9lectionn\u00e9s avant les championnats IMMAF :<\/u><\/b><\/p> <ul type=\"disc\"> <li>Les athl\u00e8tes doivent\u00a0<b>remplir en temps et en heure les documents de participation<\/b> (formulaires m\u00e9dicaux, d\u00e9clarations diverses de l'IMMAF). Tout manquement \u00e0 cette obligation pourrait entra\u00eener leur non-participation sans remboursement des frais d\u00e9j\u00e0 engag\u00e9s.<\/li> <\/ul> <ul type=\"disc\"> <li>Les athl\u00e8tes sont\u00a0<b>responsables du financement de leur participation<\/b>. La f\u00e9d\u00e9ration mettra en place divers\u00a0<b>moyens pour les aider \u00e0 financer leur participation<\/b> (pourcentage sur les billets vendus lors des \u00e9v\u00e9nements, vente de t-shirts de soutien, crowdfunding, etc.).<\/li> <\/ul> <p>\u00a0<\/p> <p><b><u>Lors des championnats IMMAF :<\/u><\/b><\/p> <ul type=\"disc\"> <li>L'athl\u00e8te doit \u00eatre\u00a0<b>ponctuel aux heures convenues<\/b>\u00a0par les coachs.<\/li> <li>L'athl\u00e8te doit adopter une\u00a0<b>attitude exemplaire<\/b>\u00a0pendant toute la dur\u00e9e de la comp\u00e9tition, en montrant du respect envers les coachs, les adversaires, le personnel encadrant, etc.<\/li> <li><b>Seuls les coachs officiels de la BMMAF sont autoris\u00e9s dans le coin<\/b>\u00a0et dans les zones d'\u00e9chauffement et de pr\u00e9paration. Les\u00a0<b>entra\u00eeneurs, les partenaires d'entra\u00eenement, la famille et les amis sont les bienvenus en tant que spectateurs<\/b>\u00a0lors des comp\u00e9titions.<\/li> <li>Seuls les tenues officielles de la BMMAF doivent \u00eatre port\u00e9es. Il est\u00a0<b>interdit de porter des \u00e9quipements avec des logos de club ou des sponsors personnels non approuv\u00e9s<\/b>\u00a0par le comit\u00e9 d'encadrement de l'\u00e9quipe nationale.<\/li> <li>Tout athl\u00e8te ne respectant pas ces r\u00e8gles pourra \u00eatre exclu de l'\u00e9quipe sans remboursement des frais engag\u00e9s.<\/li> <\/ul> <p>\u00a0<\/p> <p><b><u>Coachs et \u00e9quipe d'encadrement :<\/u><\/b><\/p> <ul type=\"disc\"> <li>Pour l'ann\u00e9e 2023\/2024, les coachs sont invit\u00e9s \u00e0 remplir le formulaire ici-bas afin de rejoindre l'\u00e9quipe, les candidats seront ensuite inform\u00e9s de leur s\u00e9lection par le comit\u00e9.<\/li> <li>Seuls les coachs affili\u00e9s \u00e0 la f\u00e9d\u00e9ration peuvent postuler \u00e0 ce poste.<\/li> <li>Tous les coachs sont tenus de respecter les m\u00eames r\u00e8gles de conduite que les athl\u00e8tes d\u00e9crites ci-dessus. Tout manquement \u00e0 ces r\u00e8gles entra\u00eenera une expulsion imm\u00e9diate.<\/li> <li>Seuls les coachs de l'\u00e9quipe nationale sont autoris\u00e9s \u00e0 encadrer les athl\u00e8tes lors des championnats. A nouveau, entra\u00eeneurs, partenaires d'entra\u00eenement, famille et amis sont les bienvenus en tant que spectateurs lors des comp\u00e9titions.<\/li> <\/ul>\n<a href=\"https:\/\/www.cognitoforms.com\/BMMAF1\/BMMAFNationalTeam\" target=\"_blank\" rel=\"noopener\"> <em><svg xmlns:xlink=\"http:\/\/www.w3.org\/1999\/xlink\" aria-hidden=\"true\"><use href=\"#tf-ti-arrow-circle-right\" xlink:href=\"#tf-ti-arrow-circle-right\"><\/use><\/svg><\/em> Formulaire d\u2019inscription <\/a>\n<img src=\"https:\/\/bmmaf.org\/wp-content\/uploads\/2023\/09\/BMMAF-NATIONAL-TEAM-CALL-TO-ATHLETES-AND-COACHS.png\" title=\"BMMAF NATIONAL TEAM CALL TO ATHLETES AND COACHS\" alt=\"BMMAF NATIONAL TEAM CALL TO ATHLETES AND COACHS\" srcset=\"https:\/\/bmmaf.org\/wp-content\/uploads\/2023\/09\/BMMAF-NATIONAL-TEAM-CALL-TO-ATHLETES-AND-COACHS.png 940w, https:\/\/bmmaf.org\/wp-content\/uploads\/2023\/09\/BMMAF-NATIONAL-TEAM-CALL-TO-ATHLETES-AND-COACHS-300x251.png 300w, https:\/\/bmmaf.org\/wp-content\/uploads\/2023\/09\/BMMAF-NATIONAL-TEAM-CALL-TO-ATHLETES-AND-COACHS-768x644.png 768w, https:\/\/bmmaf.org\/wp-content\/uploads\/2023\/09\/BMMAF-NATIONAL-TEAM-CALL-TO-ATHLETES-AND-COACHS-14x12.png 14w, https:\/\/bmmaf.org\/wp-content\/uploads\/2023\/09\/BMMAF-NATIONAL-TEAM-CALL-TO-ATHLETES-AND-COACHS-394x330.png 394w, https:\/\/bmmaf.org\/wp-content\/uploads\/2023\/09\/BMMAF-NATIONAL-TEAM-CALL-TO-ATHLETES-AND-COACHS-370x311.png 370w, https:\/\/bmmaf.org\/wp-content\/uploads\/2023\/09\/BMMAF-NATIONAL-TEAM-CALL-TO-ATHLETES-AND-COACHS-250x209.png 250w, https:\/\/bmmaf.org\/wp-content\/uploads\/2023\/09\/BMMAF-NATIONAL-TEAM-CALL-TO-ATHLETES-AND-COACHS-600x502.png 600w\" sizes=\"(max-width: 940px) 100vw, 940px\" \/>\n<a href=\"https:\/\/www.cognitoforms.com\/BMMAF1\/BMMAFNationalTeam\" target=\"_blank\" rel=\"noopener\"> <em><svg xmlns:xlink=\"http:\/\/www.w3.org\/1999\/xlink\" aria-hidden=\"true\"><use href=\"#tf-ti-arrow-circle-right\" xlink:href=\"#tf-ti-arrow-circle-right\"><\/use><\/svg><\/em> Formulaire d\u2019inscription <\/a>\n<a href=\"https:\/\/bmmaf.org\/fr\/2023\/09\/07\/nationaal-team-oproep-kandidaturen-coaches-en-atleten\/\" > <em><svg xmlns:xlink=\"http:\/\/www.w3.org\/1999\/xlink\" aria-hidden=\"true\"><use href=\"#tf-ti-arrow-circle-right\" xlink:href=\"#tf-ti-arrow-circle-right\"><\/use><\/svg><\/em> Nederlandstalige versie <\/a>","_links":{"self":[{"href":"https:\/\/bmmaf.org\/fr\/wp-json\/wp\/v2\/posts\/1304","targetHints":{"allow":["GET"]}}],"collection":[{"href":"https:\/\/bmmaf.org\/fr\/wp-json\/wp\/v2\/posts"}],"about":[{"href":"https:\/\/bmmaf.org\/fr\/wp-json\/wp\/v2\/types\/post"}],"author":[{"embeddable":true,"href":"https:\/\/bmmaf.org\/fr\/wp-json\/wp\/v2\/users\/3"}],"replies":[{"embeddable":true,"href":"https:\/\/bmmaf.org\/fr\/wp-json\/wp\/v2\/comments?post=1304"}],"version-history":[{"count":20,"href":"https:\/\/bmmaf.org\/fr\/wp-json\/wp\/v2\/posts\/1304\/revisions"}],"predecessor-version":[{"id":1387,"href":"https:\/\/bmmaf.org\/fr\/wp-json\/wp\/v2\/posts\/1304\/revisions\/1387"}],"wp:featuredmedia":[{"embeddable":true,"href":"https:\/\/bmmaf.org\/fr\/wp-json\/wp\/v2\/media\/1306"}],"wp:attachment":[{"href":"https:\/\/bmmaf.org\/fr\/wp-json\/wp\/v2\/media?parent=1304"}],"wp:term":[{"taxonomy":"category","embeddable":true,"href":"https:\/\/bmmaf.org\/fr\/wp-json\/wp\/v2\/categories?post=1304"},{"taxonomy":"post_tag","embeddable":true,"href":"https:\/\/bmmaf.org\/fr\/wp-json\/wp\/v2\/tags?post=1304"}],"curies":[{"name":"wp","href":"https:\/\/api.w.org\/{rel}","templated":true}]}}