{"id":1398,"date":"2023-10-16T08:51:49","date_gmt":"2023-10-16T08:51:49","guid":{"rendered":"https:\/\/bmmaf.org\/?p=1398"},"modified":"2023-10-16T08:56:15","modified_gmt":"2023-10-16T08:56:15","slug":"21-octobre-belgium-vs-france-antwerp-2","status":"publish","type":"post","link":"https:\/\/bmmaf.org\/fr\/2023\/10\/16\/21-octobre-belgium-vs-france-antwerp-2\/","title":{"rendered":"21 octobre &#8211; Belgium VS France (Antwerp)"},"content":{"rendered":"<p><\/p>\n\n<!--themify_builder_content-->\n<div id=\"themify_builder_content-1398\" data-postid=\"1398\" class=\"themify_builder_content themify_builder_content-1398 themify_builder tf_clear\">\n                    <div  data-lazy=\"1\" class=\"module_row themify_builder_row tb_oht912 tb_first tf_w\">\n                        <div class=\"row_inner col_align_top tb_col_count_1 tf_box tf_rel\">\n                        <div  data-lazy=\"1\" class=\"module_column tb-column col-full tb_k0gf13 first\">\n                    <!-- module text -->\n<div  class=\"module module-text tb_e7no559   \" data-lazy=\"1\">\n        <div  class=\"tb_text_wrap\">\n        <h3 style=\"text-align: left;\"><img loading=\"lazy\" decoding=\"async\" class=\"size-medium wp-image-1365 alignright\" src=\"https:\/\/bmmaf.org\/wp-content\/uploads\/2023\/09\/Untitled-design-1-300x168.png\" alt=\"\" width=\"300\" height=\"168\" srcset=\"https:\/\/bmmaf.org\/wp-content\/uploads\/2023\/09\/Untitled-design-1-300x168.png 300w, https:\/\/bmmaf.org\/wp-content\/uploads\/2023\/09\/Untitled-design-1-18x10.png 18w, https:\/\/bmmaf.org\/wp-content\/uploads\/2023\/09\/Untitled-design-1-600x336.png 600w, https:\/\/bmmaf.org\/wp-content\/uploads\/2023\/09\/Untitled-design-1.png 700w\" sizes=\"auto, (max-width: 300px) 100vw, 300px\" \/>21 octobre &#8211; Belgium VS France (Antwerp)<\/h3>\n<p>Lieu : Sporthal KTA Martouginlei 80 &#8211; 2930 BRASSCHAAT<br \/><br \/><\/p>\n<p><b><u><span lang=\"FR-BE\">Lieu &amp; horaires<\/span><\/u><\/b><\/p>\n<p><span lang=\"FR-BE\">Pes\u00e9e et contr\u00f4le m\u00e9dical\u00a0: Samedi 21\u00a0 Octobre 2023 &#8211; 12H \/ 14H Lieu de l\u2019\u00e9v\u00e8nement<\/span><\/p>\n<p><span lang=\"FR-BE\">16H D\u00e9but des combats<\/span><\/p>\n<p><span lang=\"NL-BE\">\u00c9v\u00e8nement\u00a0: ANTWERP &#8211; Sporthal KTA Martouginlei 80 &#8211; 2930 BRASSCHAAT<\/span><\/p>\n<p><span lang=\"FR-BE\">_______________________________________________________<\/span><\/p>\n<p><b><u><span lang=\"FR-BE\">Infos importantes (r\u00e9sum\u00e9)<\/span><\/u><\/b><\/p>\n<ul type=\"disc\">\n<li class=\"x_MsoNormal\"><span lang=\"FR-BE\">Document d\u2019identit\u00e9 obligatoire\u00a0: Tout participant doit pr\u00e9senter une pi\u00e8ce d\u2019identit\u00e9.<\/span><\/li>\n<li class=\"x_MsoNormal\"><span lang=\"FR-BE\">Affiliation \u00e0 la BMMAF obligatoire pour tous (hors Belgique \u00e9galement, VBKBMO pour comp\u00e9titeurs de Flandres), l\u2019affiliation assure une assurance lors de la comp\u00e9tition (mod\u00e8le belge\u00a0: en compl\u00e9ment de votre mutualit\u00e9 ou assurance personnelle).<u>\u00a0<a href=\"https:\/\/www.cognitoforms.com\/BMMAF1\/AffiliationMembre\" target=\"_blank\" rel=\"noopener noreferrer\" data-auth=\"NotApplicable\" data-linkindex=\"0\">Cliquez ici pour vous affilier<\/a><\/u><\/span><\/li>\n<li class=\"x_MsoNormal\"><span lang=\"FR-BE\">Participants fran\u00e7ais\u00a0: licence belge ou FMMAF (avec attestation d\u2019assurance de la f\u00e9d\u00e9ration pour les comp\u00e9titions en Belgique)<\/span><\/li>\n<li class=\"x_MsoNormal\"><span lang=\"FR-BE\">Equipement officiel BMMAF obligatoire (short, rashguard et prot\u00e8ge tibias) , compris dans les frais d&#8217;inscription de 80\u20ac. Pas d\u2019autres tenues autoris\u00e9es.<\/span><\/li>\n<li class=\"x_MsoNormal\"><span lang=\"FR-BE\">Arriv\u00e9e tardive \u00e0 la pes\u00e9e ou non pr\u00e9sentation \u00e0 la pes\u00e9e ou lors de l\u2019\u00e9v\u00e9nement = annulation de votre participation.<\/span><\/li>\n<li class=\"x_MsoNormal\"><span lang=\"FR-BE\">Pas d\u2019autres accompagnants que les coachs dans la zone de pr\u00e9paration et de comp\u00e9tition<\/span><\/li>\n<li class=\"x_MsoNormal\"><span lang=\"FR-BE\">2 coachs par \u00e9quipe<\/span><\/li>\n<li class=\"x_MsoNormal\"><span lang=\"FR-BE\">Liens tickets\u00a0:\u00a0<a href=\"https:\/\/www.billetweb.fr\/belgium-vs-france-antwerp-oct-21\" target=\"_blank\" rel=\"noopener noreferrer\" data-auth=\"NotApplicable\" data-linkindex=\"1\">https:\/\/www.billetweb.fr\/belgium-vs-france-antwerp-oct-21<\/a>\u00a0\u00a0.Vous pouvez soutenir notre \u00e9quipe nationale en choisissant un ticket Support the National team et soutenir un des athl\u00e8tes qui combat ce jour, vous pouvez \u00e9galement faire un don \u00e0 l\u2019ensemble de l\u2019\u00e9quipe, 10\u20ac par ticket vendu serviront \u00e0 subsidier les frais de participation aux championnats IMMAF.<\/span><\/li>\n<\/ul>    <\/div>\n<\/div>\n<!-- \/module text -->        <\/div>\n                        <\/div>\n        <\/div>\n                        <div  data-lazy=\"1\" class=\"module_row themify_builder_row tb_go7q330 tf_w\">\n                        <div class=\"row_inner col_align_top tb_col_count_3 tf_box tf_rel\">\n                        <div  data-lazy=\"1\" class=\"module_column tb-column col3-1 tb_15tr331 first\">\n                    <!-- module buttons -->\n<div  class=\"module module-buttons tb_1niq841 buttons-horizontal solid  large circle buttons-fullwidth\" data-lazy=\"1\">\n        <div class=\"module-buttons-item tf_in_flx\">\n                        <a href=\"https:\/\/www.billetweb.fr\/belgium-vs-france-antwerp-oct-21\" class=\"ui builder_button tf_in_flx red\" target=\"_blank\" rel=\"noopener\">\n                                    <em><svg  class=\"tf_fa tf-ti-arrow-circle-right\" xmlns:xlink=\"http:\/\/www.w3.org\/1999\/xlink\" aria-hidden=\"true\"><use href=\"#tf-ti-arrow-circle-right\" xlink:href=\"#tf-ti-arrow-circle-right\"><\/use><\/svg><\/em>                                        Tickets                                        <\/a>\n                <\/div>\n            <\/div>\n<!-- \/module buttons -->\n        <\/div>\n                    <div  data-lazy=\"1\" class=\"module_column tb-column col3-1 tb_2ta4331\">\n                    <!-- module buttons -->\n<div  class=\"module module-buttons tb_m7wk684 buttons-horizontal solid  large circle buttons-fullwidth\" data-lazy=\"1\">\n        <div class=\"module-buttons-item tf_in_flx\">\n                        <a href=\"https:\/\/bmmaf.org\/wp-content\/uploads\/2023\/10\/Belgium-VS-France-Oct.-21-2023.pdf\" class=\"ui builder_button tf_in_flx red\" target=\"_blank\" rel=\"noopener\">\n                                    <em><svg  class=\"tf_fa tf-ti-arrow-circle-right\" xmlns:xlink=\"http:\/\/www.w3.org\/1999\/xlink\" aria-hidden=\"true\"><use href=\"#tf-ti-arrow-circle-right\" xlink:href=\"#tf-ti-arrow-circle-right\"><\/use><\/svg><\/em>                                        Infos d\u00e9taill\u00e9es                                        <\/a>\n                <\/div>\n            <\/div>\n<!-- \/module buttons -->\n        <\/div>\n                    <div  data-lazy=\"1\" class=\"module_column tb-column col3-1 tb_7l5m331 last\">\n                    <!-- module buttons -->\n<div  class=\"module module-buttons tb_i86p645 buttons-horizontal solid  large circle buttons-fullwidth\" data-lazy=\"1\">\n        <div class=\"module-buttons-item tf_in_flx\">\n                        <a href=\"https:\/\/bmmaf.org\/fr\/2023\/10\/16\/21-octobre-belgium-vs-france-antwerp-nl\/\" class=\"ui builder_button tf_in_flx red\" >\n                                    <em><svg  class=\"tf_fa tf-ti-arrow-circle-right\" xmlns:xlink=\"http:\/\/www.w3.org\/1999\/xlink\" aria-hidden=\"true\"><use href=\"#tf-ti-arrow-circle-right\" xlink:href=\"#tf-ti-arrow-circle-right\"><\/use><\/svg><\/em>                                        Version NL                                        <\/a>\n                <\/div>\n            <\/div>\n<!-- \/module buttons -->\n        <\/div>\n                        <\/div>\n        <\/div>\n        <\/div>\n<!--\/themify_builder_content-->\n\n\n<p><\/p>","protected":false},"excerpt":{"rendered":"","protected":false},"author":3,"featured_media":1365,"comment_status":"closed","ping_status":"closed","sticky":false,"template":"","format":"standard","meta":{"iawp_total_views":51,"footnotes":""},"categories":[17],"tags":[],"class_list":["post-1398","post","type-post","status-publish","format-standard","has-post-thumbnail","hentry","category-competitions","has-post-title","has-post-date","has-post-category","has-post-tag","has-post-comment","has-post-author",""],"yoast_head":"<!-- This site is optimized with the Yoast SEO plugin v27.4 - https:\/\/yoast.com\/product\/yoast-seo-wordpress\/ -->\n<title>21 octobre - Belgium VS France (Antwerp) - Belgian Mixed Martial Arts Federation<\/title>\n<meta name=\"robots\" content=\"index, follow, max-snippet:-1, max-image-preview:large, max-video-preview:-1\" \/>\n<link rel=\"canonical\" href=\"https:\/\/bmmaf.org\/fr\/2023\/10\/16\/21-octobre-belgium-vs-france-antwerp-2\/\" \/>\n<meta property=\"og:locale\" content=\"fr_FR\" \/>\n<meta property=\"og:type\" content=\"article\" \/>\n<meta property=\"og:title\" content=\"21 octobre - Belgium VS France (Antwerp) - Belgian Mixed Martial Arts Federation\" \/>\n<meta property=\"og:url\" content=\"https:\/\/bmmaf.org\/fr\/2023\/10\/16\/21-octobre-belgium-vs-france-antwerp-2\/\" \/>\n<meta property=\"og:site_name\" content=\"Belgian Mixed Martial Arts Federation\" \/>\n<meta property=\"article:published_time\" content=\"2023-10-16T08:51:49+00:00\" \/>\n<meta property=\"article:modified_time\" content=\"2023-10-16T08:56:15+00:00\" \/>\n<meta property=\"og:image\" content=\"https:\/\/bmmaf.org\/wp-content\/uploads\/2023\/09\/Untitled-design-1.png\" \/>\n\t<meta property=\"og:image:width\" content=\"700\" \/>\n\t<meta property=\"og:image:height\" content=\"393\" \/>\n\t<meta property=\"og:image:type\" content=\"image\/png\" \/>\n<meta name=\"author\" content=\"BMMAF\" \/>\n<meta name=\"twitter:card\" content=\"summary_large_image\" \/>\n<meta name=\"twitter:label1\" content=\"\u00c9crit par\" \/>\n\t<meta name=\"twitter:data1\" content=\"BMMAF\" \/>\n<script type=\"application\/ld+json\" class=\"yoast-schema-graph\">{\"@context\":\"https:\\\/\\\/schema.org\",\"@graph\":[{\"@type\":\"Article\",\"@id\":\"https:\\\/\\\/bmmaf.org\\\/fr\\\/2023\\\/10\\\/16\\\/21-octobre-belgium-vs-france-antwerp-2\\\/#article\",\"isPartOf\":{\"@id\":\"https:\\\/\\\/bmmaf.org\\\/fr\\\/2023\\\/10\\\/16\\\/21-octobre-belgium-vs-france-antwerp-2\\\/\"},\"author\":{\"name\":\"BMMAF\",\"@id\":\"https:\\\/\\\/bmmaf.org\\\/fr\\\/#\\\/schema\\\/person\\\/ba466656c9b387f6176f2b602b7bfb7b\"},\"headline\":\"21 octobre &#8211; Belgium VS France (Antwerp)\",\"datePublished\":\"2023-10-16T08:51:49+00:00\",\"dateModified\":\"2023-10-16T08:56:15+00:00\",\"mainEntityOfPage\":{\"@id\":\"https:\\\/\\\/bmmaf.org\\\/fr\\\/2023\\\/10\\\/16\\\/21-octobre-belgium-vs-france-antwerp-2\\\/\"},\"wordCount\":6,\"publisher\":{\"@id\":\"https:\\\/\\\/bmmaf.org\\\/fr\\\/#organization\"},\"image\":{\"@id\":\"https:\\\/\\\/bmmaf.org\\\/fr\\\/2023\\\/10\\\/16\\\/21-octobre-belgium-vs-france-antwerp-2\\\/#primaryimage\"},\"thumbnailUrl\":\"https:\\\/\\\/bmmaf.org\\\/wp-content\\\/uploads\\\/2023\\\/09\\\/Untitled-design-1.png\",\"articleSection\":[\"Competitions\"],\"inLanguage\":\"fr-BE\"},{\"@type\":\"WebPage\",\"@id\":\"https:\\\/\\\/bmmaf.org\\\/fr\\\/2023\\\/10\\\/16\\\/21-octobre-belgium-vs-france-antwerp-2\\\/\",\"url\":\"https:\\\/\\\/bmmaf.org\\\/fr\\\/2023\\\/10\\\/16\\\/21-octobre-belgium-vs-france-antwerp-2\\\/\",\"name\":\"21 octobre - Belgium VS France (Antwerp) - Belgian Mixed Martial Arts Federation\",\"isPartOf\":{\"@id\":\"https:\\\/\\\/bmmaf.org\\\/fr\\\/#website\"},\"primaryImageOfPage\":{\"@id\":\"https:\\\/\\\/bmmaf.org\\\/fr\\\/2023\\\/10\\\/16\\\/21-octobre-belgium-vs-france-antwerp-2\\\/#primaryimage\"},\"image\":{\"@id\":\"https:\\\/\\\/bmmaf.org\\\/fr\\\/2023\\\/10\\\/16\\\/21-octobre-belgium-vs-france-antwerp-2\\\/#primaryimage\"},\"thumbnailUrl\":\"https:\\\/\\\/bmmaf.org\\\/wp-content\\\/uploads\\\/2023\\\/09\\\/Untitled-design-1.png\",\"datePublished\":\"2023-10-16T08:51:49+00:00\",\"dateModified\":\"2023-10-16T08:56:15+00:00\",\"breadcrumb\":{\"@id\":\"https:\\\/\\\/bmmaf.org\\\/fr\\\/2023\\\/10\\\/16\\\/21-octobre-belgium-vs-france-antwerp-2\\\/#breadcrumb\"},\"inLanguage\":\"fr-BE\",\"potentialAction\":[{\"@type\":\"ReadAction\",\"target\":[\"https:\\\/\\\/bmmaf.org\\\/fr\\\/2023\\\/10\\\/16\\\/21-octobre-belgium-vs-france-antwerp-2\\\/\"]}]},{\"@type\":\"ImageObject\",\"inLanguage\":\"fr-BE\",\"@id\":\"https:\\\/\\\/bmmaf.org\\\/fr\\\/2023\\\/10\\\/16\\\/21-octobre-belgium-vs-france-antwerp-2\\\/#primaryimage\",\"url\":\"https:\\\/\\\/bmmaf.org\\\/wp-content\\\/uploads\\\/2023\\\/09\\\/Untitled-design-1.png\",\"contentUrl\":\"https:\\\/\\\/bmmaf.org\\\/wp-content\\\/uploads\\\/2023\\\/09\\\/Untitled-design-1.png\",\"width\":700,\"height\":393},{\"@type\":\"BreadcrumbList\",\"@id\":\"https:\\\/\\\/bmmaf.org\\\/fr\\\/2023\\\/10\\\/16\\\/21-octobre-belgium-vs-france-antwerp-2\\\/#breadcrumb\",\"itemListElement\":[{\"@type\":\"ListItem\",\"position\":1,\"name\":\"Home\",\"item\":\"https:\\\/\\\/bmmaf.org\\\/fr\\\/\"},{\"@type\":\"ListItem\",\"position\":2,\"name\":\"21 octobre &#8211; Belgium VS France (Antwerp)\"}]},{\"@type\":\"WebSite\",\"@id\":\"https:\\\/\\\/bmmaf.org\\\/fr\\\/#website\",\"url\":\"https:\\\/\\\/bmmaf.org\\\/fr\\\/\",\"name\":\"Belgian Mixed Martial Arts Federation\",\"description\":\"\",\"publisher\":{\"@id\":\"https:\\\/\\\/bmmaf.org\\\/fr\\\/#organization\"},\"potentialAction\":[{\"@type\":\"SearchAction\",\"target\":{\"@type\":\"EntryPoint\",\"urlTemplate\":\"https:\\\/\\\/bmmaf.org\\\/fr\\\/?s={search_term_string}\"},\"query-input\":{\"@type\":\"PropertyValueSpecification\",\"valueRequired\":true,\"valueName\":\"search_term_string\"}}],\"inLanguage\":\"fr-BE\"},{\"@type\":\"Organization\",\"@id\":\"https:\\\/\\\/bmmaf.org\\\/fr\\\/#organization\",\"name\":\"BMMAF\",\"url\":\"https:\\\/\\\/bmmaf.org\\\/fr\\\/\",\"logo\":{\"@type\":\"ImageObject\",\"inLanguage\":\"fr-BE\",\"@id\":\"https:\\\/\\\/bmmaf.org\\\/fr\\\/#\\\/schema\\\/logo\\\/image\\\/\",\"url\":\"https:\\\/\\\/bmmaf.org\\\/wp-content\\\/uploads\\\/2021\\\/04\\\/logo-icon.svg\",\"contentUrl\":\"https:\\\/\\\/bmmaf.org\\\/wp-content\\\/uploads\\\/2021\\\/04\\\/logo-icon.svg\",\"width\":1,\"height\":1,\"caption\":\"BMMAF\"},\"image\":{\"@id\":\"https:\\\/\\\/bmmaf.org\\\/fr\\\/#\\\/schema\\\/logo\\\/image\\\/\"}},{\"@type\":\"Person\",\"@id\":\"https:\\\/\\\/bmmaf.org\\\/fr\\\/#\\\/schema\\\/person\\\/ba466656c9b387f6176f2b602b7bfb7b\",\"name\":\"BMMAF\",\"url\":\"https:\\\/\\\/bmmaf.org\\\/fr\\\/author\\\/bmmaf\\\/\"}]}<\/script>\n<!-- \/ Yoast SEO plugin. -->","yoast_head_json":{"title":"21 octobre - Belgium VS France (Antwerp) - Belgian Mixed Martial Arts Federation","robots":{"index":"index","follow":"follow","max-snippet":"max-snippet:-1","max-image-preview":"max-image-preview:large","max-video-preview":"max-video-preview:-1"},"canonical":"https:\/\/bmmaf.org\/fr\/2023\/10\/16\/21-octobre-belgium-vs-france-antwerp-2\/","og_locale":"fr_FR","og_type":"article","og_title":"21 octobre - Belgium VS France (Antwerp) - Belgian Mixed Martial Arts Federation","og_url":"https:\/\/bmmaf.org\/fr\/2023\/10\/16\/21-octobre-belgium-vs-france-antwerp-2\/","og_site_name":"Belgian Mixed Martial Arts Federation","article_published_time":"2023-10-16T08:51:49+00:00","article_modified_time":"2023-10-16T08:56:15+00:00","og_image":[{"width":700,"height":393,"url":"https:\/\/bmmaf.org\/wp-content\/uploads\/2023\/09\/Untitled-design-1.png","type":"image\/png"}],"author":"BMMAF","twitter_card":"summary_large_image","twitter_misc":{"\u00c9crit par":"BMMAF"},"schema":{"@context":"https:\/\/schema.org","@graph":[{"@type":"Article","@id":"https:\/\/bmmaf.org\/fr\/2023\/10\/16\/21-octobre-belgium-vs-france-antwerp-2\/#article","isPartOf":{"@id":"https:\/\/bmmaf.org\/fr\/2023\/10\/16\/21-octobre-belgium-vs-france-antwerp-2\/"},"author":{"name":"BMMAF","@id":"https:\/\/bmmaf.org\/fr\/#\/schema\/person\/ba466656c9b387f6176f2b602b7bfb7b"},"headline":"21 octobre &#8211; Belgium VS France (Antwerp)","datePublished":"2023-10-16T08:51:49+00:00","dateModified":"2023-10-16T08:56:15+00:00","mainEntityOfPage":{"@id":"https:\/\/bmmaf.org\/fr\/2023\/10\/16\/21-octobre-belgium-vs-france-antwerp-2\/"},"wordCount":6,"publisher":{"@id":"https:\/\/bmmaf.org\/fr\/#organization"},"image":{"@id":"https:\/\/bmmaf.org\/fr\/2023\/10\/16\/21-octobre-belgium-vs-france-antwerp-2\/#primaryimage"},"thumbnailUrl":"https:\/\/bmmaf.org\/wp-content\/uploads\/2023\/09\/Untitled-design-1.png","articleSection":["Competitions"],"inLanguage":"fr-BE"},{"@type":"WebPage","@id":"https:\/\/bmmaf.org\/fr\/2023\/10\/16\/21-octobre-belgium-vs-france-antwerp-2\/","url":"https:\/\/bmmaf.org\/fr\/2023\/10\/16\/21-octobre-belgium-vs-france-antwerp-2\/","name":"21 octobre - Belgium VS France (Antwerp) - Belgian Mixed Martial Arts Federation","isPartOf":{"@id":"https:\/\/bmmaf.org\/fr\/#website"},"primaryImageOfPage":{"@id":"https:\/\/bmmaf.org\/fr\/2023\/10\/16\/21-octobre-belgium-vs-france-antwerp-2\/#primaryimage"},"image":{"@id":"https:\/\/bmmaf.org\/fr\/2023\/10\/16\/21-octobre-belgium-vs-france-antwerp-2\/#primaryimage"},"thumbnailUrl":"https:\/\/bmmaf.org\/wp-content\/uploads\/2023\/09\/Untitled-design-1.png","datePublished":"2023-10-16T08:51:49+00:00","dateModified":"2023-10-16T08:56:15+00:00","breadcrumb":{"@id":"https:\/\/bmmaf.org\/fr\/2023\/10\/16\/21-octobre-belgium-vs-france-antwerp-2\/#breadcrumb"},"inLanguage":"fr-BE","potentialAction":[{"@type":"ReadAction","target":["https:\/\/bmmaf.org\/fr\/2023\/10\/16\/21-octobre-belgium-vs-france-antwerp-2\/"]}]},{"@type":"ImageObject","inLanguage":"fr-BE","@id":"https:\/\/bmmaf.org\/fr\/2023\/10\/16\/21-octobre-belgium-vs-france-antwerp-2\/#primaryimage","url":"https:\/\/bmmaf.org\/wp-content\/uploads\/2023\/09\/Untitled-design-1.png","contentUrl":"https:\/\/bmmaf.org\/wp-content\/uploads\/2023\/09\/Untitled-design-1.png","width":700,"height":393},{"@type":"BreadcrumbList","@id":"https:\/\/bmmaf.org\/fr\/2023\/10\/16\/21-octobre-belgium-vs-france-antwerp-2\/#breadcrumb","itemListElement":[{"@type":"ListItem","position":1,"name":"Home","item":"https:\/\/bmmaf.org\/fr\/"},{"@type":"ListItem","position":2,"name":"21 octobre &#8211; Belgium VS France (Antwerp)"}]},{"@type":"WebSite","@id":"https:\/\/bmmaf.org\/fr\/#website","url":"https:\/\/bmmaf.org\/fr\/","name":"Belgian Mixed Martial Arts Federation","description":"","publisher":{"@id":"https:\/\/bmmaf.org\/fr\/#organization"},"potentialAction":[{"@type":"SearchAction","target":{"@type":"EntryPoint","urlTemplate":"https:\/\/bmmaf.org\/fr\/?s={search_term_string}"},"query-input":{"@type":"PropertyValueSpecification","valueRequired":true,"valueName":"search_term_string"}}],"inLanguage":"fr-BE"},{"@type":"Organization","@id":"https:\/\/bmmaf.org\/fr\/#organization","name":"BMMAF","url":"https:\/\/bmmaf.org\/fr\/","logo":{"@type":"ImageObject","inLanguage":"fr-BE","@id":"https:\/\/bmmaf.org\/fr\/#\/schema\/logo\/image\/","url":"https:\/\/bmmaf.org\/wp-content\/uploads\/2021\/04\/logo-icon.svg","contentUrl":"https:\/\/bmmaf.org\/wp-content\/uploads\/2021\/04\/logo-icon.svg","width":1,"height":1,"caption":"BMMAF"},"image":{"@id":"https:\/\/bmmaf.org\/fr\/#\/schema\/logo\/image\/"}},{"@type":"Person","@id":"https:\/\/bmmaf.org\/fr\/#\/schema\/person\/ba466656c9b387f6176f2b602b7bfb7b","name":"BMMAF","url":"https:\/\/bmmaf.org\/fr\/author\/bmmaf\/"}]}},"builder_content":"<h3 style=\"text-align: left;\"><img loading=\"lazy\" decoding=\"async\" src=\"https:\/\/bmmaf.org\/wp-content\/uploads\/2023\/09\/Untitled-design-1-300x168.png\" alt=\"\" width=\"300\" height=\"168\" srcset=\"https:\/\/bmmaf.org\/wp-content\/uploads\/2023\/09\/Untitled-design-1-300x168.png 300w, https:\/\/bmmaf.org\/wp-content\/uploads\/2023\/09\/Untitled-design-1-18x10.png 18w, https:\/\/bmmaf.org\/wp-content\/uploads\/2023\/09\/Untitled-design-1-600x336.png 600w, https:\/\/bmmaf.org\/wp-content\/uploads\/2023\/09\/Untitled-design-1.png 700w\" sizes=\"auto, (max-width: 300px) 100vw, 300px\" \/>21 octobre - Belgium VS France (Antwerp)<\/h3> <p>Lieu : Sporthal KTA Martouginlei 80 - 2930 BRASSCHAAT<br \/><br \/><\/p> <p><b><u>Lieu &amp; horaires<\/u><\/b><\/p> <p>Pes\u00e9e et contr\u00f4le m\u00e9dical\u00a0: Samedi 21\u00a0 Octobre 2023 - 12H \/ 14H Lieu de l\u2019\u00e9v\u00e8nement<\/p> <p>16H D\u00e9but des combats<\/p> <p>\u00c9v\u00e8nement\u00a0: ANTWERP - Sporthal KTA Martouginlei 80 - 2930 BRASSCHAAT<\/p> <p>_______________________________________________________<\/p> <p><b><u>Infos importantes (r\u00e9sum\u00e9)<\/u><\/b><\/p> <ul type=\"disc\"> <li>Document d\u2019identit\u00e9 obligatoire\u00a0: Tout participant doit pr\u00e9senter une pi\u00e8ce d\u2019identit\u00e9.<\/li> <li>Affiliation \u00e0 la BMMAF obligatoire pour tous (hors Belgique \u00e9galement, VBKBMO pour comp\u00e9titeurs de Flandres), l\u2019affiliation assure une assurance lors de la comp\u00e9tition (mod\u00e8le belge\u00a0: en compl\u00e9ment de votre mutualit\u00e9 ou assurance personnelle).<u>\u00a0<a href=\"https:\/\/www.cognitoforms.com\/BMMAF1\/AffiliationMembre\" target=\"_blank\" rel=\"noopener noreferrer\" data-auth=\"NotApplicable\" data-linkindex=\"0\">Cliquez ici pour vous affilier<\/a><\/u><\/li> <li>Participants fran\u00e7ais\u00a0: licence belge ou FMMAF (avec attestation d\u2019assurance de la f\u00e9d\u00e9ration pour les comp\u00e9titions en Belgique)<\/li> <li>Equipement officiel BMMAF obligatoire (short, rashguard et prot\u00e8ge tibias) , compris dans les frais d'inscription de 80\u20ac. Pas d\u2019autres tenues autoris\u00e9es.<\/li> <li>Arriv\u00e9e tardive \u00e0 la pes\u00e9e ou non pr\u00e9sentation \u00e0 la pes\u00e9e ou lors de l\u2019\u00e9v\u00e9nement = annulation de votre participation.<\/li> <li>Pas d\u2019autres accompagnants que les coachs dans la zone de pr\u00e9paration et de comp\u00e9tition<\/li> <li>2 coachs par \u00e9quipe<\/li> <li>Liens tickets\u00a0:\u00a0<a href=\"https:\/\/www.billetweb.fr\/belgium-vs-france-antwerp-oct-21\" target=\"_blank\" rel=\"noopener noreferrer\" data-auth=\"NotApplicable\" data-linkindex=\"1\">https:\/\/www.billetweb.fr\/belgium-vs-france-antwerp-oct-21<\/a>\u00a0\u00a0.Vous pouvez soutenir notre \u00e9quipe nationale en choisissant un ticket Support the National team et soutenir un des athl\u00e8tes qui combat ce jour, vous pouvez \u00e9galement faire un don \u00e0 l\u2019ensemble de l\u2019\u00e9quipe, 10\u20ac par ticket vendu serviront \u00e0 subsidier les frais de participation aux championnats IMMAF.<\/li> <\/ul>\n<a href=\"https:\/\/www.billetweb.fr\/belgium-vs-france-antwerp-oct-21\" target=\"_blank\" rel=\"noopener\"> <em><svg xmlns:xlink=\"http:\/\/www.w3.org\/1999\/xlink\" aria-hidden=\"true\"><use href=\"#tf-ti-arrow-circle-right\" xlink:href=\"#tf-ti-arrow-circle-right\"><\/use><\/svg><\/em> Tickets <\/a>\n<a href=\"https:\/\/bmmaf.org\/wp-content\/uploads\/2023\/10\/Belgium-VS-France-Oct.-21-2023.pdf\" target=\"_blank\" rel=\"noopener\"> <em><svg xmlns:xlink=\"http:\/\/www.w3.org\/1999\/xlink\" aria-hidden=\"true\"><use href=\"#tf-ti-arrow-circle-right\" xlink:href=\"#tf-ti-arrow-circle-right\"><\/use><\/svg><\/em> Infos d\u00e9taill\u00e9es <\/a>\n<a href=\"https:\/\/bmmaf.org\/fr\/2023\/10\/16\/21-octobre-belgium-vs-france-antwerp-nl\/\" > <em><svg xmlns:xlink=\"http:\/\/www.w3.org\/1999\/xlink\" aria-hidden=\"true\"><use href=\"#tf-ti-arrow-circle-right\" xlink:href=\"#tf-ti-arrow-circle-right\"><\/use><\/svg><\/em> Version NL <\/a>","_links":{"self":[{"href":"https:\/\/bmmaf.org\/fr\/wp-json\/wp\/v2\/posts\/1398","targetHints":{"allow":["GET"]}}],"collection":[{"href":"https:\/\/bmmaf.org\/fr\/wp-json\/wp\/v2\/posts"}],"about":[{"href":"https:\/\/bmmaf.org\/fr\/wp-json\/wp\/v2\/types\/post"}],"author":[{"embeddable":true,"href":"https:\/\/bmmaf.org\/fr\/wp-json\/wp\/v2\/users\/3"}],"replies":[{"embeddable":true,"href":"https:\/\/bmmaf.org\/fr\/wp-json\/wp\/v2\/comments?post=1398"}],"version-history":[{"count":7,"href":"https:\/\/bmmaf.org\/fr\/wp-json\/wp\/v2\/posts\/1398\/revisions"}],"predecessor-version":[{"id":1410,"href":"https:\/\/bmmaf.org\/fr\/wp-json\/wp\/v2\/posts\/1398\/revisions\/1410"}],"wp:featuredmedia":[{"embeddable":true,"href":"https:\/\/bmmaf.org\/fr\/wp-json\/wp\/v2\/media\/1365"}],"wp:attachment":[{"href":"https:\/\/bmmaf.org\/fr\/wp-json\/wp\/v2\/media?parent=1398"}],"wp:term":[{"taxonomy":"category","embeddable":true,"href":"https:\/\/bmmaf.org\/fr\/wp-json\/wp\/v2\/categories?post=1398"},{"taxonomy":"post_tag","embeddable":true,"href":"https:\/\/bmmaf.org\/fr\/wp-json\/wp\/v2\/tags?post=1398"}],"curies":[{"name":"wp","href":"https:\/\/api.w.org\/{rel}","templated":true}]}}