{"id":1820,"date":"2025-04-29T07:15:56","date_gmt":"2025-04-29T07:15:56","guid":{"rendered":"https:\/\/bmmaf.org\/?p=1820"},"modified":"2025-04-29T07:20:06","modified_gmt":"2025-04-29T07:20:06","slug":"assemblee-generale-ordinaire-de-la-federation-belge-de-mma","status":"publish","type":"post","link":"https:\/\/bmmaf.org\/fr\/2025\/04\/29\/assemblee-generale-ordinaire-de-la-federation-belge-de-mma\/","title":{"rendered":"Assembl\u00e9e G\u00e9n\u00e9rale Ordinaire de la F\u00e9d\u00e9ration Belge de MMA"},"content":{"rendered":"<!--themify_builder_content-->\n<div id=\"themify_builder_content-1820\" data-postid=\"1820\" class=\"themify_builder_content themify_builder_content-1820 themify_builder tf_clear\">\n                    <div  data-lazy=\"1\" class=\"module_row themify_builder_row tb_ou9o682 tb_first tf_w\">\n                        <div class=\"row_inner col_align_top tb_col_count_1 tf_box tf_rel\">\n                        <div  data-lazy=\"1\" class=\"module_column tb-column col-full tb_drxk682 first\">\n                            <div  data-lazy=\"1\" class=\"module_subrow themify_builder_sub_row tf_w col_align_top tb_col_count_2 tb_2ds3355\">\n                <div  data-lazy=\"1\" class=\"module_column sub_column col4-2 tb_lt3q355 first\">\n                    <!-- module text -->\n<div  class=\"module module-text tb_0dox438   \" data-lazy=\"1\">\n        <div  class=\"tb_text_wrap\">\n        <div dir=\"ltr\" data-olk-copy-source=\"MessageBody\">FR<\/div><div dir=\"ltr\" data-olk-copy-source=\"MessageBody\">\u00a0<\/div><div dir=\"ltr\" data-olk-copy-source=\"MessageBody\"># Avis de convocation \u00e0 l&#8217;Assembl\u00e9e G\u00e9n\u00e9rale Ordinaire de la F\u00e9d\u00e9ration Belge de MMA<\/div><div dir=\"ltr\">\u00a0<\/div><div>Conform\u00e9ment aux statuts de la F\u00e9d\u00e9ration, le Conseil d&#8217;Administration convoque une Assembl\u00e9e G\u00e9n\u00e9rale Ordinaire des membres qui se tiendra le 15 juin 2025 de 11h \u00e0 13h (Francophones) et de 14H \u00e0 15H (n\u00e9erlandophone) au centre fight off de Wavre\u00a0<\/div><div dir=\"ltr\">\u00a0<\/div><div>## Ordre du jour<\/div><div dir=\"ltr\">\u00a0<\/div><div>1. Ouverture de la s\u00e9ance<\/div><div>2. Pr\u00e9sences et quorum<\/div><div>3. Adoption de l&#8217;ordre du jour<\/div><div>4. Mot du Pr\u00e9sident : reconnaissance du MMA et collaboration avec la LFKBMO et BKBMO<\/div><div>5. Bilan financier<\/div><div>6. Bilan des activit\u00e9s de la saison 2024\/2025<\/div><div>7. Perspectives de d\u00e9veloppement et objectifs :<\/div><div>\u00a0 \u00a0* Syst\u00e8me de grades et certifications<\/div><div>\u00a0 \u00a0* Comp\u00e9titions jeunes (U14-U16)<\/div><div>\u00a0 \u00a0* Gestion de l&#8217;\u00c9quipe nationale<\/div><div>\u00a0 \u00a0* Comp\u00e9titions adultes : modifications de la gestion des organisations (promotions, interclubs, etc.)<\/div><div>8. Votes et \u00e9lections<\/div><div>9. Cl\u00f4ture de l&#8217;assembl\u00e9e<\/div><div dir=\"ltr\">\u00a0<\/div><div>Des points suppl\u00e9mentaires peuvent \u00eatre propos\u00e9s par les clubs affili\u00e9s avant le 15 mai en envoyant un e-mail \u00e0 BMMAF.ORG@GMAIL.COM\u00a0<\/div><div dir=\"ltr\">\u00a0<\/div><div>\u00a0<\/div>    <\/div>\n<\/div>\n<!-- \/module text -->        <\/div>\n                    <div  data-lazy=\"1\" class=\"module_column sub_column col4-2 tb_wbiz355 last\">\n                    <!-- module text -->\n<div  class=\"module module-text tb_qb5w894   \" data-lazy=\"1\">\n        <div  class=\"tb_text_wrap\">\n        <div dir=\"ltr\">NL<\/div><div dir=\"ltr\">\u00a0<\/div><div dir=\"ltr\"># Oproeping tot de Gewone Algemene Vergadering van de Belgische MMA Federatie<\/div><div dir=\"ltr\">\u00a0<\/div><div>Overeenkomstig de statuten van de Federatie, roept de Raad van Bestuur een Gewone Algemene Vergadering van de leden bijeen, die zal plaatsvinden op 15 juni 2025 van 11u tot 13u (Franstaligen) en van 14u tot 15u (Nederlandstaligen) in het Fight Off centrum te Waver.<\/div><div dir=\"ltr\">\u00a0<\/div><div>## Dagorde<\/div><div dir=\"ltr\">\u00a0<\/div><div>1. Opening van de zitting<\/div><div>2. Aanwezigheden en quorum<\/div><div>3. Goedkeuring van de dagorde<\/div><div>4. Woord van de Voorzitter: erkenning van MMA en samenwerking met LFKBMO en BKBMO<\/div><div>5. Financieel verslag<\/div><div>6. Overzicht van de activiteiten van het seizoen 2024\/2025<\/div><div>7. Ontwikkelingsperspectieven en doelstellingen:<\/div><div>\u00a0 \u00a0* Systeem van graden en certificeringen<\/div><div>\u00a0 \u00a0* Jeugdcompetities (U14-U16)<\/div><div>\u00a0 \u00a0* Beheer van het Nationaal Team<\/div><div>\u00a0 \u00a0* Competities voor volwassenen: wijzigingen in het beheer van organisaties (promoties, interclubs, enz.)<\/div><div>8. Stemmingen en verkiezingen<\/div><div>9. Sluiting van de vergadering<\/div><div dir=\"ltr\">\u00a0<\/div><div>Bijkomende agendapunten kunnen door aangesloten clubs worden voorgesteld v\u00f3\u00f3r 15 mei door een e-mail te sturen naar BMMAF.ORG@GMAIL.COM\u200b\u200b\u200b\u200b\u200b\u200b\u200b\u200b\u200b\u200b\u200b\u200b\u200b\u200b\u200b\u200b<\/div>    <\/div>\n<\/div>\n<!-- \/module text -->        <\/div>\n                    <\/div>\n                <\/div>\n                        <\/div>\n        <\/div>\n        <\/div>\n<!--\/themify_builder_content-->\n\n\n<p><\/p>","protected":false},"excerpt":{"rendered":"","protected":false},"author":3,"featured_media":202,"comment_status":"closed","ping_status":"closed","sticky":false,"template":"","format":"standard","meta":{"iawp_total_views":266,"footnotes":""},"categories":[21],"tags":[],"class_list":["post-1820","post","type-post","status-publish","format-standard","has-post-thumbnail","hentry","category-news","has-post-title","has-post-date","has-post-category","has-post-tag","has-post-comment","has-post-author",""],"yoast_head":"<!-- This site is optimized with the Yoast SEO plugin v27.4 - https:\/\/yoast.com\/product\/yoast-seo-wordpress\/ -->\n<title>Assembl\u00e9e G\u00e9n\u00e9rale Ordinaire de la F\u00e9d\u00e9ration Belge de MMA - Belgian Mixed Martial Arts Federation<\/title>\n<meta name=\"robots\" content=\"index, follow, max-snippet:-1, max-image-preview:large, max-video-preview:-1\" \/>\n<link rel=\"canonical\" href=\"https:\/\/bmmaf.org\/fr\/2025\/04\/29\/assemblee-generale-ordinaire-de-la-federation-belge-de-mma\/\" \/>\n<meta property=\"og:locale\" content=\"fr_FR\" \/>\n<meta property=\"og:type\" content=\"article\" \/>\n<meta property=\"og:title\" content=\"Assembl\u00e9e G\u00e9n\u00e9rale Ordinaire de la F\u00e9d\u00e9ration Belge de MMA - Belgian Mixed Martial Arts Federation\" \/>\n<meta property=\"og:url\" content=\"https:\/\/bmmaf.org\/fr\/2025\/04\/29\/assemblee-generale-ordinaire-de-la-federation-belge-de-mma\/\" \/>\n<meta property=\"og:site_name\" content=\"Belgian Mixed Martial Arts Federation\" \/>\n<meta property=\"article:published_time\" content=\"2025-04-29T07:15:56+00:00\" \/>\n<meta property=\"article:modified_time\" content=\"2025-04-29T07:20:06+00:00\" \/>\n<meta name=\"author\" content=\"BMMAF\" \/>\n<meta name=\"twitter:card\" content=\"summary_large_image\" \/>\n<meta name=\"twitter:label1\" content=\"\u00c9crit par\" \/>\n\t<meta name=\"twitter:data1\" content=\"BMMAF\" \/>\n\t<meta name=\"twitter:label2\" content=\"Dur\u00e9e de lecture est.\" \/>\n\t<meta name=\"twitter:data2\" content=\"2 minutes\" \/>\n<script type=\"application\/ld+json\" class=\"yoast-schema-graph\">{\"@context\":\"https:\\\/\\\/schema.org\",\"@graph\":[{\"@type\":\"Article\",\"@id\":\"https:\\\/\\\/bmmaf.org\\\/2025\\\/04\\\/29\\\/assemblee-generale-ordinaire-de-la-federation-belge-de-mma\\\/#article\",\"isPartOf\":{\"@id\":\"https:\\\/\\\/bmmaf.org\\\/2025\\\/04\\\/29\\\/assemblee-generale-ordinaire-de-la-federation-belge-de-mma\\\/\"},\"author\":{\"name\":\"BMMAF\",\"@id\":\"https:\\\/\\\/bmmaf.org\\\/fr\\\/#\\\/schema\\\/person\\\/ba466656c9b387f6176f2b602b7bfb7b\"},\"headline\":\"Assembl\u00e9e G\u00e9n\u00e9rale Ordinaire de la F\u00e9d\u00e9ration Belge de MMA\",\"datePublished\":\"2025-04-29T07:15:56+00:00\",\"dateModified\":\"2025-04-29T07:20:06+00:00\",\"mainEntityOfPage\":{\"@id\":\"https:\\\/\\\/bmmaf.org\\\/2025\\\/04\\\/29\\\/assemblee-generale-ordinaire-de-la-federation-belge-de-mma\\\/\"},\"wordCount\":329,\"publisher\":{\"@id\":\"https:\\\/\\\/bmmaf.org\\\/fr\\\/#organization\"},\"image\":{\"@id\":\"https:\\\/\\\/bmmaf.org\\\/2025\\\/04\\\/29\\\/assemblee-generale-ordinaire-de-la-federation-belge-de-mma\\\/#primaryimage\"},\"thumbnailUrl\":\"https:\\\/\\\/bmmaf.org\\\/wp-content\\\/uploads\\\/2021\\\/04\\\/logo-icon.svg\",\"articleSection\":[\"News\"],\"inLanguage\":\"fr-BE\"},{\"@type\":\"WebPage\",\"@id\":\"https:\\\/\\\/bmmaf.org\\\/2025\\\/04\\\/29\\\/assemblee-generale-ordinaire-de-la-federation-belge-de-mma\\\/\",\"url\":\"https:\\\/\\\/bmmaf.org\\\/2025\\\/04\\\/29\\\/assemblee-generale-ordinaire-de-la-federation-belge-de-mma\\\/\",\"name\":\"Assembl\u00e9e G\u00e9n\u00e9rale Ordinaire de la F\u00e9d\u00e9ration Belge de MMA - Belgian Mixed Martial Arts Federation\",\"isPartOf\":{\"@id\":\"https:\\\/\\\/bmmaf.org\\\/fr\\\/#website\"},\"primaryImageOfPage\":{\"@id\":\"https:\\\/\\\/bmmaf.org\\\/2025\\\/04\\\/29\\\/assemblee-generale-ordinaire-de-la-federation-belge-de-mma\\\/#primaryimage\"},\"image\":{\"@id\":\"https:\\\/\\\/bmmaf.org\\\/2025\\\/04\\\/29\\\/assemblee-generale-ordinaire-de-la-federation-belge-de-mma\\\/#primaryimage\"},\"thumbnailUrl\":\"https:\\\/\\\/bmmaf.org\\\/wp-content\\\/uploads\\\/2021\\\/04\\\/logo-icon.svg\",\"datePublished\":\"2025-04-29T07:15:56+00:00\",\"dateModified\":\"2025-04-29T07:20:06+00:00\",\"breadcrumb\":{\"@id\":\"https:\\\/\\\/bmmaf.org\\\/2025\\\/04\\\/29\\\/assemblee-generale-ordinaire-de-la-federation-belge-de-mma\\\/#breadcrumb\"},\"inLanguage\":\"fr-BE\",\"potentialAction\":[{\"@type\":\"ReadAction\",\"target\":[\"https:\\\/\\\/bmmaf.org\\\/2025\\\/04\\\/29\\\/assemblee-generale-ordinaire-de-la-federation-belge-de-mma\\\/\"]}]},{\"@type\":\"ImageObject\",\"inLanguage\":\"fr-BE\",\"@id\":\"https:\\\/\\\/bmmaf.org\\\/2025\\\/04\\\/29\\\/assemblee-generale-ordinaire-de-la-federation-belge-de-mma\\\/#primaryimage\",\"url\":\"https:\\\/\\\/bmmaf.org\\\/wp-content\\\/uploads\\\/2021\\\/04\\\/logo-icon.svg\",\"contentUrl\":\"https:\\\/\\\/bmmaf.org\\\/wp-content\\\/uploads\\\/2021\\\/04\\\/logo-icon.svg\"},{\"@type\":\"BreadcrumbList\",\"@id\":\"https:\\\/\\\/bmmaf.org\\\/2025\\\/04\\\/29\\\/assemblee-generale-ordinaire-de-la-federation-belge-de-mma\\\/#breadcrumb\",\"itemListElement\":[{\"@type\":\"ListItem\",\"position\":1,\"name\":\"Home\",\"item\":\"https:\\\/\\\/bmmaf.org\\\/fr\\\/\"},{\"@type\":\"ListItem\",\"position\":2,\"name\":\"Assembl\u00e9e G\u00e9n\u00e9rale Ordinaire de la F\u00e9d\u00e9ration Belge de MMA\"}]},{\"@type\":\"WebSite\",\"@id\":\"https:\\\/\\\/bmmaf.org\\\/fr\\\/#website\",\"url\":\"https:\\\/\\\/bmmaf.org\\\/fr\\\/\",\"name\":\"Belgian Mixed Martial Arts Federation\",\"description\":\"\",\"publisher\":{\"@id\":\"https:\\\/\\\/bmmaf.org\\\/fr\\\/#organization\"},\"potentialAction\":[{\"@type\":\"SearchAction\",\"target\":{\"@type\":\"EntryPoint\",\"urlTemplate\":\"https:\\\/\\\/bmmaf.org\\\/fr\\\/?s={search_term_string}\"},\"query-input\":{\"@type\":\"PropertyValueSpecification\",\"valueRequired\":true,\"valueName\":\"search_term_string\"}}],\"inLanguage\":\"fr-BE\"},{\"@type\":\"Organization\",\"@id\":\"https:\\\/\\\/bmmaf.org\\\/fr\\\/#organization\",\"name\":\"BMMAF\",\"url\":\"https:\\\/\\\/bmmaf.org\\\/fr\\\/\",\"logo\":{\"@type\":\"ImageObject\",\"inLanguage\":\"fr-BE\",\"@id\":\"https:\\\/\\\/bmmaf.org\\\/fr\\\/#\\\/schema\\\/logo\\\/image\\\/\",\"url\":\"https:\\\/\\\/bmmaf.org\\\/wp-content\\\/uploads\\\/2021\\\/04\\\/logo-icon.svg\",\"contentUrl\":\"https:\\\/\\\/bmmaf.org\\\/wp-content\\\/uploads\\\/2021\\\/04\\\/logo-icon.svg\",\"width\":1,\"height\":1,\"caption\":\"BMMAF\"},\"image\":{\"@id\":\"https:\\\/\\\/bmmaf.org\\\/fr\\\/#\\\/schema\\\/logo\\\/image\\\/\"}},{\"@type\":\"Person\",\"@id\":\"https:\\\/\\\/bmmaf.org\\\/fr\\\/#\\\/schema\\\/person\\\/ba466656c9b387f6176f2b602b7bfb7b\",\"name\":\"BMMAF\",\"url\":\"https:\\\/\\\/bmmaf.org\\\/fr\\\/author\\\/bmmaf\\\/\"}]}<\/script>\n<!-- \/ Yoast SEO plugin. -->","yoast_head_json":{"title":"Assembl\u00e9e G\u00e9n\u00e9rale Ordinaire de la F\u00e9d\u00e9ration Belge de MMA - Belgian Mixed Martial Arts Federation","robots":{"index":"index","follow":"follow","max-snippet":"max-snippet:-1","max-image-preview":"max-image-preview:large","max-video-preview":"max-video-preview:-1"},"canonical":"https:\/\/bmmaf.org\/fr\/2025\/04\/29\/assemblee-generale-ordinaire-de-la-federation-belge-de-mma\/","og_locale":"fr_FR","og_type":"article","og_title":"Assembl\u00e9e G\u00e9n\u00e9rale Ordinaire de la F\u00e9d\u00e9ration Belge de MMA - Belgian Mixed Martial Arts Federation","og_url":"https:\/\/bmmaf.org\/fr\/2025\/04\/29\/assemblee-generale-ordinaire-de-la-federation-belge-de-mma\/","og_site_name":"Belgian Mixed Martial Arts Federation","article_published_time":"2025-04-29T07:15:56+00:00","article_modified_time":"2025-04-29T07:20:06+00:00","author":"BMMAF","twitter_card":"summary_large_image","twitter_misc":{"\u00c9crit par":"BMMAF","Dur\u00e9e de lecture est.":"2 minutes"},"schema":{"@context":"https:\/\/schema.org","@graph":[{"@type":"Article","@id":"https:\/\/bmmaf.org\/2025\/04\/29\/assemblee-generale-ordinaire-de-la-federation-belge-de-mma\/#article","isPartOf":{"@id":"https:\/\/bmmaf.org\/2025\/04\/29\/assemblee-generale-ordinaire-de-la-federation-belge-de-mma\/"},"author":{"name":"BMMAF","@id":"https:\/\/bmmaf.org\/fr\/#\/schema\/person\/ba466656c9b387f6176f2b602b7bfb7b"},"headline":"Assembl\u00e9e G\u00e9n\u00e9rale Ordinaire de la F\u00e9d\u00e9ration Belge de MMA","datePublished":"2025-04-29T07:15:56+00:00","dateModified":"2025-04-29T07:20:06+00:00","mainEntityOfPage":{"@id":"https:\/\/bmmaf.org\/2025\/04\/29\/assemblee-generale-ordinaire-de-la-federation-belge-de-mma\/"},"wordCount":329,"publisher":{"@id":"https:\/\/bmmaf.org\/fr\/#organization"},"image":{"@id":"https:\/\/bmmaf.org\/2025\/04\/29\/assemblee-generale-ordinaire-de-la-federation-belge-de-mma\/#primaryimage"},"thumbnailUrl":"https:\/\/bmmaf.org\/wp-content\/uploads\/2021\/04\/logo-icon.svg","articleSection":["News"],"inLanguage":"fr-BE"},{"@type":"WebPage","@id":"https:\/\/bmmaf.org\/2025\/04\/29\/assemblee-generale-ordinaire-de-la-federation-belge-de-mma\/","url":"https:\/\/bmmaf.org\/2025\/04\/29\/assemblee-generale-ordinaire-de-la-federation-belge-de-mma\/","name":"Assembl\u00e9e G\u00e9n\u00e9rale Ordinaire de la F\u00e9d\u00e9ration Belge de MMA - Belgian Mixed Martial Arts Federation","isPartOf":{"@id":"https:\/\/bmmaf.org\/fr\/#website"},"primaryImageOfPage":{"@id":"https:\/\/bmmaf.org\/2025\/04\/29\/assemblee-generale-ordinaire-de-la-federation-belge-de-mma\/#primaryimage"},"image":{"@id":"https:\/\/bmmaf.org\/2025\/04\/29\/assemblee-generale-ordinaire-de-la-federation-belge-de-mma\/#primaryimage"},"thumbnailUrl":"https:\/\/bmmaf.org\/wp-content\/uploads\/2021\/04\/logo-icon.svg","datePublished":"2025-04-29T07:15:56+00:00","dateModified":"2025-04-29T07:20:06+00:00","breadcrumb":{"@id":"https:\/\/bmmaf.org\/2025\/04\/29\/assemblee-generale-ordinaire-de-la-federation-belge-de-mma\/#breadcrumb"},"inLanguage":"fr-BE","potentialAction":[{"@type":"ReadAction","target":["https:\/\/bmmaf.org\/2025\/04\/29\/assemblee-generale-ordinaire-de-la-federation-belge-de-mma\/"]}]},{"@type":"ImageObject","inLanguage":"fr-BE","@id":"https:\/\/bmmaf.org\/2025\/04\/29\/assemblee-generale-ordinaire-de-la-federation-belge-de-mma\/#primaryimage","url":"https:\/\/bmmaf.org\/wp-content\/uploads\/2021\/04\/logo-icon.svg","contentUrl":"https:\/\/bmmaf.org\/wp-content\/uploads\/2021\/04\/logo-icon.svg"},{"@type":"BreadcrumbList","@id":"https:\/\/bmmaf.org\/2025\/04\/29\/assemblee-generale-ordinaire-de-la-federation-belge-de-mma\/#breadcrumb","itemListElement":[{"@type":"ListItem","position":1,"name":"Home","item":"https:\/\/bmmaf.org\/fr\/"},{"@type":"ListItem","position":2,"name":"Assembl\u00e9e G\u00e9n\u00e9rale Ordinaire de la F\u00e9d\u00e9ration Belge de MMA"}]},{"@type":"WebSite","@id":"https:\/\/bmmaf.org\/fr\/#website","url":"https:\/\/bmmaf.org\/fr\/","name":"Belgian Mixed Martial Arts Federation","description":"","publisher":{"@id":"https:\/\/bmmaf.org\/fr\/#organization"},"potentialAction":[{"@type":"SearchAction","target":{"@type":"EntryPoint","urlTemplate":"https:\/\/bmmaf.org\/fr\/?s={search_term_string}"},"query-input":{"@type":"PropertyValueSpecification","valueRequired":true,"valueName":"search_term_string"}}],"inLanguage":"fr-BE"},{"@type":"Organization","@id":"https:\/\/bmmaf.org\/fr\/#organization","name":"BMMAF","url":"https:\/\/bmmaf.org\/fr\/","logo":{"@type":"ImageObject","inLanguage":"fr-BE","@id":"https:\/\/bmmaf.org\/fr\/#\/schema\/logo\/image\/","url":"https:\/\/bmmaf.org\/wp-content\/uploads\/2021\/04\/logo-icon.svg","contentUrl":"https:\/\/bmmaf.org\/wp-content\/uploads\/2021\/04\/logo-icon.svg","width":1,"height":1,"caption":"BMMAF"},"image":{"@id":"https:\/\/bmmaf.org\/fr\/#\/schema\/logo\/image\/"}},{"@type":"Person","@id":"https:\/\/bmmaf.org\/fr\/#\/schema\/person\/ba466656c9b387f6176f2b602b7bfb7b","name":"BMMAF","url":"https:\/\/bmmaf.org\/fr\/author\/bmmaf\/"}]}},"builder_content":"FR\u00a0# Avis de convocation \u00e0 l'Assembl\u00e9e G\u00e9n\u00e9rale Ordinaire de la F\u00e9d\u00e9ration Belge de MMA\u00a0Conform\u00e9ment aux statuts de la F\u00e9d\u00e9ration, le Conseil d'Administration convoque une Assembl\u00e9e G\u00e9n\u00e9rale Ordinaire des membres qui se tiendra le 15 juin 2025 de 11h \u00e0 13h (Francophones) et de 14H \u00e0 15H (n\u00e9erlandophone) au centre fight off de Wavre\u00a0\u00a0## Ordre du jour\u00a01. Ouverture de la s\u00e9ance2. Pr\u00e9sences et quorum3. Adoption de l'ordre du jour4. Mot du Pr\u00e9sident : reconnaissance du MMA et collaboration avec la LFKBMO et BKBMO5. Bilan financier6. Bilan des activit\u00e9s de la saison 2024\/20257. Perspectives de d\u00e9veloppement et objectifs :\u00a0 \u00a0* Syst\u00e8me de grades et certifications\u00a0 \u00a0* Comp\u00e9titions jeunes (U14-U16)\u00a0 \u00a0* Gestion de l'\u00c9quipe nationale\u00a0 \u00a0* Comp\u00e9titions adultes : modifications de la gestion des organisations (promotions, interclubs, etc.)8. Votes et \u00e9lections9. Cl\u00f4ture de l'assembl\u00e9e\u00a0Des points suppl\u00e9mentaires peuvent \u00eatre propos\u00e9s par les clubs affili\u00e9s avant le 15 mai en envoyant un e-mail \u00e0 BMMAF.ORG@GMAIL.COM\u00a0\u00a0\u00a0\nNL\u00a0# Oproeping tot de Gewone Algemene Vergadering van de Belgische MMA Federatie\u00a0Overeenkomstig de statuten van de Federatie, roept de Raad van Bestuur een Gewone Algemene Vergadering van de leden bijeen, die zal plaatsvinden op 15 juni 2025 van 11u tot 13u (Franstaligen) en van 14u tot 15u (Nederlandstaligen) in het Fight Off centrum te Waver.\u00a0## Dagorde\u00a01. Opening van de zitting2. Aanwezigheden en quorum3. Goedkeuring van de dagorde4. Woord van de Voorzitter: erkenning van MMA en samenwerking met LFKBMO en BKBMO5. Financieel verslag6. Overzicht van de activiteiten van het seizoen 2024\/20257. Ontwikkelingsperspectieven en doelstellingen:\u00a0 \u00a0* Systeem van graden en certificeringen\u00a0 \u00a0* Jeugdcompetities (U14-U16)\u00a0 \u00a0* Beheer van het Nationaal Team\u00a0 \u00a0* Competities voor volwassenen: wijzigingen in het beheer van organisaties (promoties, interclubs, enz.)8. Stemmingen en verkiezingen9. Sluiting van de vergadering\u00a0Bijkomende agendapunten kunnen door aangesloten clubs worden voorgesteld v\u00f3\u00f3r 15 mei door een e-mail te sturen naar BMMAF.ORG@GMAIL.COM\u200b\u200b\u200b\u200b\u200b\u200b\u200b\u200b\u200b\u200b\u200b\u200b\u200b\u200b\u200b\u200b","_links":{"self":[{"href":"https:\/\/bmmaf.org\/fr\/wp-json\/wp\/v2\/posts\/1820","targetHints":{"allow":["GET"]}}],"collection":[{"href":"https:\/\/bmmaf.org\/fr\/wp-json\/wp\/v2\/posts"}],"about":[{"href":"https:\/\/bmmaf.org\/fr\/wp-json\/wp\/v2\/types\/post"}],"author":[{"embeddable":true,"href":"https:\/\/bmmaf.org\/fr\/wp-json\/wp\/v2\/users\/3"}],"replies":[{"embeddable":true,"href":"https:\/\/bmmaf.org\/fr\/wp-json\/wp\/v2\/comments?post=1820"}],"version-history":[{"count":7,"href":"https:\/\/bmmaf.org\/fr\/wp-json\/wp\/v2\/posts\/1820\/revisions"}],"predecessor-version":[{"id":1828,"href":"https:\/\/bmmaf.org\/fr\/wp-json\/wp\/v2\/posts\/1820\/revisions\/1828"}],"wp:featuredmedia":[{"embeddable":true,"href":"https:\/\/bmmaf.org\/fr\/wp-json\/wp\/v2\/media\/202"}],"wp:attachment":[{"href":"https:\/\/bmmaf.org\/fr\/wp-json\/wp\/v2\/media?parent=1820"}],"wp:term":[{"taxonomy":"category","embeddable":true,"href":"https:\/\/bmmaf.org\/fr\/wp-json\/wp\/v2\/categories?post=1820"},{"taxonomy":"post_tag","embeddable":true,"href":"https:\/\/bmmaf.org\/fr\/wp-json\/wp\/v2\/tags?post=1820"}],"curies":[{"name":"wp","href":"https:\/\/api.w.org\/{rel}","templated":true}]}}